{"id":9727,"date":"2022-08-31T15:33:04","date_gmt":"2022-08-31T18:33:04","guid":{"rendered":"https:\/\/ayuda.xubio.com\/?p=9727"},"modified":"2023-07-07T16:04:19","modified_gmt":"2023-07-07T19:04:19","slug":"que-es-el-evento-de-rechazo-de-la-factura-electronica-de-venta","status":"publish","type":"post","link":"https:\/\/ayuda.xubio.com\/es-co\/que-es-el-evento-de-rechazo-de-la-factura-electronica-de-venta\/","title":{"rendered":"\u00bfQu\u00e9 es el evento de Rechazo de la Factura Electr\u00f3nica?"},"content":{"rendered":"<div class=\"fusion-fullwidth fullwidth-box fusion-builder-row-1 nonhundred-percent-fullwidth non-hundred-percent-height-scrolling\" style=\"background-color: rgba(255,255,255,0);background-position: center center;background-repeat: no-repeat;padding-top:0px;padding-right:0px;padding-bottom:0px;padding-left:0px;margin-bottom: 0px;margin-top: 0px;border-width: 0px 0px 0px 0px;border-color:#eae9e9;border-style:solid;\" ><div class=\"fusion-builder-row fusion-row\"><div class=\"fusion-layout-column fusion_builder_column fusion-builder-column-0 fusion_builder_column_4_5 4_5 fusion-four-fifth fusion-column-first\" style=\"width:80%;width:calc(80% - ( ( 4% ) * 0.8 ) );margin-right: 4%;margin-top:0px;margin-bottom:20px;\"><div class=\"fusion-column-wrapper fusion-flex-column-wrapper-legacy\" style=\"background-position:left top;background-repeat:no-repeat;-webkit-background-size:cover;-moz-background-size:cover;-o-background-size:cover;background-size:cover;padding: 0px 0px 0px 0px;\"><style type=\"text\/css\"><\/style><div class=\"fusion-title title fusion-title-1 fusion-sep-none fusion-title-text fusion-title-size-one\" style=\"margin-top:0px;margin-right:0px;margin-bottom:31px;margin-left:0px;\"><h1 class=\"title-heading-left\" style=\"margin:0;\"><b>\u00a0\u00bfQu\u00e9 es el evento de Rechazo de la factura electr\u00f3nica?<\/b><\/h1><\/div><div class=\"fusion-text fusion-text-1\"><p><span style=\"font-weight: 400;\">El evento de rechazo es un documento electr\u00f3nico que el adquirente puede emitir a la DIAN cuando no est\u00e1 de acuerdo con la operaci\u00f3n registrada en la factura de venta electr\u00f3nica y no acepta la factura.\u00a0<\/span><\/p>\n<p><span style=\"font-weight: 400;\">Este documento es utilizado para diferencias de tipo comercial dado que el documento sobre el cual manifiesta el desacuerdo fue efectivamente validado por la DIAN en el sistema de validaci\u00f3n previa.<\/span><\/p>\n<p><span style=\"font-weight: 400;\">Cuando se genera un evento de rechazo se impide el registro de los eventos de \u201cAceptaci\u00f3n Expresa de Documento\u201d. <\/span><\/p>\n<\/div><div class=\"fusion-sep-clear\"><\/div><div class=\"fusion-separator fusion-full-width-sep\" style=\"margin-left: auto;margin-right: auto;margin-top:40px;width:100%;\"><\/div><div class=\"fusion-sep-clear\"><\/div><div class=\"fusion-sep-clear\"><\/div><div class=\"fusion-separator fusion-full-width-sep\" style=\"margin-left: auto;margin-right: auto;margin-top:40px;width:100%;\"><\/div><div class=\"fusion-sep-clear\"><\/div><span class=\" fusion-imageframe imageframe-none imageframe-1 hover-type-none\"><a class=\"fusion-no-lightbox\" href=\"https:\/\/xubio.com\/co\/?utm_source=ayuda&amp;utm_medium=post&amp;utm_campaign=ayuda_a_xubio_cta&amp;utm_content=que_es_es_el_evento_de_rechazo_de_la_factura_electronica\" target=\"_self\" aria-label=\"Banners-blog-1-MX&#8211;CO\"><img decoding=\"async\" width=\"1024\" height=\"249\" alt=\"xubio sistema contable\" src=\"https:\/\/ayuda.xubio.com\/wp-content\/uploads\/2018\/12\/Banners-blog-1-MX-CO-1024x249.jpg\" class=\"img-responsive wp-image-12342\" srcset=\"https:\/\/ayuda.xubio.com\/wp-content\/uploads\/2018\/12\/Banners-blog-1-MX-CO-200x49.jpg 200w, https:\/\/ayuda.xubio.com\/wp-content\/uploads\/2018\/12\/Banners-blog-1-MX-CO-400x97.jpg 400w, https:\/\/ayuda.xubio.com\/wp-content\/uploads\/2018\/12\/Banners-blog-1-MX-CO-600x146.jpg 600w, https:\/\/ayuda.xubio.com\/wp-content\/uploads\/2018\/12\/Banners-blog-1-MX-CO-800x195.jpg 800w, https:\/\/ayuda.xubio.com\/wp-content\/uploads\/2018\/12\/Banners-blog-1-MX-CO.jpg 1200w\" sizes=\"(max-width: 800px) 100vw, 1024px\" \/><\/a><\/span><div class=\"fusion-clearfix\"><\/div><\/div><\/div><div class=\"fusion-layout-column fusion_builder_column fusion-builder-column-1 fusion_builder_column_1_5 1_5 fusion-one-fifth fusion-column-last\" style=\"width:20%;width:calc(20% - ( ( 4% ) * 0.2 ) );margin-top:0px;margin-bottom:20px;\"><div class=\"fusion-column-wrapper fusion-flex-column-wrapper-legacy\" style=\"background-position:left top;background-repeat:no-repeat;-webkit-background-size:cover;-moz-background-size:cover;-o-background-size:cover;background-size:cover;padding: 0px 0px 0px 0px;\"><div class=\"fusion-clearfix\"><\/div><\/div><\/div><\/div><\/div>\n","protected":false},"excerpt":{"rendered":"","protected":false},"author":5,"featured_media":0,"comment_status":"closed","ping_status":"closed","sticky":false,"template":"","format":"standard","meta":{"inline_featured_image":false,"footnotes":""},"categories":[620,621],"tags":[],"class_list":["post-9727","post","type-post","status-publish","format-standard","hentry","category-recepcion-electronica-co","category-recepcion-electronica-inquietudes"],"yoast_head":"<!-- This site is optimized with the Yoast SEO plugin v24.9 - https:\/\/yoast.com\/wordpress\/plugins\/seo\/ -->\n<title>\u00bfQu\u00e9 es el evento de Rechazo de la factura electr\u00f3nica? - Xubio Colombia<\/title>\n<meta name=\"description\" content=\"Si te preguntas Qu\u00e9 es el evento de Rechazo de la factura electr\u00f3nica, en este breve instructivo te lo explicamos \u25ba\" \/>\n<meta name=\"robots\" content=\"index, follow, max-snippet:-1, max-image-preview:large, max-video-preview:-1\" \/>\n<link rel=\"canonical\" href=\"https:\/\/ayuda.xubio.com\/es-co\/que-es-el-evento-de-rechazo-de-la-factura-electronica-de-venta\/\" \/>\n<meta property=\"og:locale\" content=\"es_ES\" \/>\n<meta property=\"og:type\" content=\"article\" \/>\n<meta property=\"og:title\" content=\"\u00bfQu\u00e9 es el evento de Rechazo de la factura electr\u00f3nica? - Xubio Colombia\" \/>\n<meta property=\"og:description\" content=\"Si te preguntas Qu\u00e9 es el evento de Rechazo de la factura electr\u00f3nica, en este breve instructivo te lo explicamos \u25ba\" \/>\n<meta property=\"og:url\" content=\"https:\/\/ayuda.xubio.com\/es-co\/que-es-el-evento-de-rechazo-de-la-factura-electronica-de-venta\/\" \/>\n<meta property=\"og:site_name\" content=\"Xubio Ayuda\" \/>\n<meta property=\"article:publisher\" content=\"http:\/\/www.facebook.com\/XubioCompany\" \/>\n<meta property=\"article:published_time\" content=\"2022-08-31T18:33:04+00:00\" \/>\n<meta property=\"article:modified_time\" content=\"2023-07-07T19:04:19+00:00\" \/>\n<meta name=\"author\" content=\"info@xubio.com\" \/>\n<meta name=\"twitter:card\" content=\"summary_large_image\" \/>\n<meta name=\"twitter:label1\" content=\"Escrito por\" \/>\n\t<meta name=\"twitter:data1\" content=\"info@xubio.com\" \/>\n\t<meta name=\"twitter:label2\" content=\"Tiempo de lectura\" \/>\n\t<meta name=\"twitter:data2\" content=\"2 minutos\" \/>\n<script type=\"application\/ld+json\" class=\"yoast-schema-graph\">{\"@context\":\"https:\/\/schema.org\",\"@graph\":[{\"@type\":\"Article\",\"@id\":\"https:\/\/ayuda.xubio.com\/es-co\/que-es-el-evento-de-rechazo-de-la-factura-electronica-de-venta\/#article\",\"isPartOf\":{\"@id\":\"https:\/\/ayuda.xubio.com\/es-co\/que-es-el-evento-de-rechazo-de-la-factura-electronica-de-venta\/\"},\"author\":{\"name\":\"info@xubio.com\",\"@id\":\"https:\/\/ayuda.xubio.com\/es-co\/#\/schema\/person\/b9d963230a0ff8a775accd6d4f33b948\"},\"headline\":\"\u00bfQu\u00e9 es el evento de Rechazo de la Factura Electr\u00f3nica?\",\"datePublished\":\"2022-08-31T18:33:04+00:00\",\"dateModified\":\"2023-07-07T19:04:19+00:00\",\"mainEntityOfPage\":{\"@id\":\"https:\/\/ayuda.xubio.com\/es-co\/que-es-el-evento-de-rechazo-de-la-factura-electronica-de-venta\/\"},\"wordCount\":1026,\"publisher\":{\"@id\":\"https:\/\/ayuda.xubio.com\/es-co\/#organization\"},\"articleSection\":[\"Recepci\u00f3n Electr\u00f3nica -CO\",\"Recepci\u00f3n electr\u00f3nica-inquietudes\"],\"inLanguage\":\"es-CO\"},{\"@type\":\"WebPage\",\"@id\":\"https:\/\/ayuda.xubio.com\/es-co\/que-es-el-evento-de-rechazo-de-la-factura-electronica-de-venta\/\",\"url\":\"https:\/\/ayuda.xubio.com\/es-co\/que-es-el-evento-de-rechazo-de-la-factura-electronica-de-venta\/\",\"name\":\"\u00bfQu\u00e9 es el evento de Rechazo de la factura electr\u00f3nica? - Xubio Colombia\",\"isPartOf\":{\"@id\":\"https:\/\/ayuda.xubio.com\/es-co\/#website\"},\"datePublished\":\"2022-08-31T18:33:04+00:00\",\"dateModified\":\"2023-07-07T19:04:19+00:00\",\"description\":\"Si te preguntas Qu\u00e9 es el evento de Rechazo de la factura electr\u00f3nica, en este breve instructivo te lo explicamos \u25ba\",\"breadcrumb\":{\"@id\":\"https:\/\/ayuda.xubio.com\/es-co\/que-es-el-evento-de-rechazo-de-la-factura-electronica-de-venta\/#breadcrumb\"},\"inLanguage\":\"es-CO\",\"potentialAction\":[{\"@type\":\"ReadAction\",\"target\":[\"https:\/\/ayuda.xubio.com\/es-co\/que-es-el-evento-de-rechazo-de-la-factura-electronica-de-venta\/\"]}]},{\"@type\":\"BreadcrumbList\",\"@id\":\"https:\/\/ayuda.xubio.com\/es-co\/que-es-el-evento-de-rechazo-de-la-factura-electronica-de-venta\/#breadcrumb\",\"itemListElement\":[{\"@type\":\"ListItem\",\"position\":1,\"name\":\"Xubio\",\"item\":\"https:\/\/ayuda.xubio.com\/es-co\/\"},{\"@type\":\"ListItem\",\"position\":2,\"name\":\"\u00bfQu\u00e9 es el evento de Rechazo de la Factura Electr\u00f3nica?\"}]},{\"@type\":\"WebSite\",\"@id\":\"https:\/\/ayuda.xubio.com\/es-co\/#website\",\"url\":\"https:\/\/ayuda.xubio.com\/es-co\/\",\"name\":\"Xubio Ayuda\",\"description\":\"\",\"publisher\":{\"@id\":\"https:\/\/ayuda.xubio.com\/es-co\/#organization\"},\"potentialAction\":[{\"@type\":\"SearchAction\",\"target\":{\"@type\":\"EntryPoint\",\"urlTemplate\":\"https:\/\/ayuda.xubio.com\/es-co\/?s={search_term_string}\"},\"query-input\":{\"@type\":\"PropertyValueSpecification\",\"valueRequired\":true,\"valueName\":\"search_term_string\"}}],\"inLanguage\":\"es-CO\"},{\"@type\":\"Organization\",\"@id\":\"https:\/\/ayuda.xubio.com\/es-co\/#organization\",\"name\":\"Xubio\",\"url\":\"https:\/\/ayuda.xubio.com\/es-co\/\",\"logo\":{\"@type\":\"ImageObject\",\"inLanguage\":\"es-CO\",\"@id\":\"https:\/\/ayuda.xubio.com\/es-co\/#\/schema\/logo\/image\/\",\"url\":\"https:\/\/ayuda.xubio.com\/wp-content\/uploads\/2017\/11\/logo_xubio_header.png\",\"contentUrl\":\"https:\/\/ayuda.xubio.com\/wp-content\/uploads\/2017\/11\/logo_xubio_header.png\",\"width\":161,\"height\":42,\"caption\":\"Xubio\"},\"image\":{\"@id\":\"https:\/\/ayuda.xubio.com\/es-co\/#\/schema\/logo\/image\/\"},\"sameAs\":[\"http:\/\/www.facebook.com\/XubioCompany\"]},{\"@type\":\"Person\",\"@id\":\"https:\/\/ayuda.xubio.com\/es-co\/#\/schema\/person\/b9d963230a0ff8a775accd6d4f33b948\",\"name\":\"info@xubio.com\",\"image\":{\"@type\":\"ImageObject\",\"inLanguage\":\"es-CO\",\"@id\":\"https:\/\/ayuda.xubio.com\/es-co\/#\/schema\/person\/image\/\",\"url\":\"https:\/\/secure.gravatar.com\/avatar\/5c3669d8ab9ff704f1c2b4d3613f55a8c8a1064ba29ad4876f3cb07f120df1f6?s=96&d=mm&r=g\",\"contentUrl\":\"https:\/\/secure.gravatar.com\/avatar\/5c3669d8ab9ff704f1c2b4d3613f55a8c8a1064ba29ad4876f3cb07f120df1f6?s=96&d=mm&r=g\",\"caption\":\"info@xubio.com\"}}]}<\/script>\n<!-- \/ Yoast SEO plugin. -->","yoast_head_json":{"title":"\u00bfQu\u00e9 es el evento de Rechazo de la factura electr\u00f3nica? - Xubio Colombia","description":"Si te preguntas Qu\u00e9 es el evento de Rechazo de la factura electr\u00f3nica, en este breve instructivo te lo explicamos \u25ba","robots":{"index":"index","follow":"follow","max-snippet":"max-snippet:-1","max-image-preview":"max-image-preview:large","max-video-preview":"max-video-preview:-1"},"canonical":"https:\/\/ayuda.xubio.com\/es-co\/que-es-el-evento-de-rechazo-de-la-factura-electronica-de-venta\/","og_locale":"es_ES","og_type":"article","og_title":"\u00bfQu\u00e9 es el evento de Rechazo de la factura electr\u00f3nica? - Xubio Colombia","og_description":"Si te preguntas Qu\u00e9 es el evento de Rechazo de la factura electr\u00f3nica, en este breve instructivo te lo explicamos \u25ba","og_url":"https:\/\/ayuda.xubio.com\/es-co\/que-es-el-evento-de-rechazo-de-la-factura-electronica-de-venta\/","og_site_name":"Xubio Ayuda","article_publisher":"http:\/\/www.facebook.com\/XubioCompany","article_published_time":"2022-08-31T18:33:04+00:00","article_modified_time":"2023-07-07T19:04:19+00:00","author":"info@xubio.com","twitter_card":"summary_large_image","twitter_misc":{"Escrito por":"info@xubio.com","Tiempo de lectura":"2 minutos"},"schema":{"@context":"https:\/\/schema.org","@graph":[{"@type":"Article","@id":"https:\/\/ayuda.xubio.com\/es-co\/que-es-el-evento-de-rechazo-de-la-factura-electronica-de-venta\/#article","isPartOf":{"@id":"https:\/\/ayuda.xubio.com\/es-co\/que-es-el-evento-de-rechazo-de-la-factura-electronica-de-venta\/"},"author":{"name":"info@xubio.com","@id":"https:\/\/ayuda.xubio.com\/es-co\/#\/schema\/person\/b9d963230a0ff8a775accd6d4f33b948"},"headline":"\u00bfQu\u00e9 es el evento de Rechazo de la Factura Electr\u00f3nica?","datePublished":"2022-08-31T18:33:04+00:00","dateModified":"2023-07-07T19:04:19+00:00","mainEntityOfPage":{"@id":"https:\/\/ayuda.xubio.com\/es-co\/que-es-el-evento-de-rechazo-de-la-factura-electronica-de-venta\/"},"wordCount":1026,"publisher":{"@id":"https:\/\/ayuda.xubio.com\/es-co\/#organization"},"articleSection":["Recepci\u00f3n Electr\u00f3nica -CO","Recepci\u00f3n electr\u00f3nica-inquietudes"],"inLanguage":"es-CO"},{"@type":"WebPage","@id":"https:\/\/ayuda.xubio.com\/es-co\/que-es-el-evento-de-rechazo-de-la-factura-electronica-de-venta\/","url":"https:\/\/ayuda.xubio.com\/es-co\/que-es-el-evento-de-rechazo-de-la-factura-electronica-de-venta\/","name":"\u00bfQu\u00e9 es el evento de Rechazo de la factura electr\u00f3nica? - Xubio Colombia","isPartOf":{"@id":"https:\/\/ayuda.xubio.com\/es-co\/#website"},"datePublished":"2022-08-31T18:33:04+00:00","dateModified":"2023-07-07T19:04:19+00:00","description":"Si te preguntas Qu\u00e9 es el evento de Rechazo de la factura electr\u00f3nica, en este breve instructivo te lo explicamos \u25ba","breadcrumb":{"@id":"https:\/\/ayuda.xubio.com\/es-co\/que-es-el-evento-de-rechazo-de-la-factura-electronica-de-venta\/#breadcrumb"},"inLanguage":"es-CO","potentialAction":[{"@type":"ReadAction","target":["https:\/\/ayuda.xubio.com\/es-co\/que-es-el-evento-de-rechazo-de-la-factura-electronica-de-venta\/"]}]},{"@type":"BreadcrumbList","@id":"https:\/\/ayuda.xubio.com\/es-co\/que-es-el-evento-de-rechazo-de-la-factura-electronica-de-venta\/#breadcrumb","itemListElement":[{"@type":"ListItem","position":1,"name":"Xubio","item":"https:\/\/ayuda.xubio.com\/es-co\/"},{"@type":"ListItem","position":2,"name":"\u00bfQu\u00e9 es el evento de Rechazo de la Factura Electr\u00f3nica?"}]},{"@type":"WebSite","@id":"https:\/\/ayuda.xubio.com\/es-co\/#website","url":"https:\/\/ayuda.xubio.com\/es-co\/","name":"Xubio Ayuda","description":"","publisher":{"@id":"https:\/\/ayuda.xubio.com\/es-co\/#organization"},"potentialAction":[{"@type":"SearchAction","target":{"@type":"EntryPoint","urlTemplate":"https:\/\/ayuda.xubio.com\/es-co\/?s={search_term_string}"},"query-input":{"@type":"PropertyValueSpecification","valueRequired":true,"valueName":"search_term_string"}}],"inLanguage":"es-CO"},{"@type":"Organization","@id":"https:\/\/ayuda.xubio.com\/es-co\/#organization","name":"Xubio","url":"https:\/\/ayuda.xubio.com\/es-co\/","logo":{"@type":"ImageObject","inLanguage":"es-CO","@id":"https:\/\/ayuda.xubio.com\/es-co\/#\/schema\/logo\/image\/","url":"https:\/\/ayuda.xubio.com\/wp-content\/uploads\/2017\/11\/logo_xubio_header.png","contentUrl":"https:\/\/ayuda.xubio.com\/wp-content\/uploads\/2017\/11\/logo_xubio_header.png","width":161,"height":42,"caption":"Xubio"},"image":{"@id":"https:\/\/ayuda.xubio.com\/es-co\/#\/schema\/logo\/image\/"},"sameAs":["http:\/\/www.facebook.com\/XubioCompany"]},{"@type":"Person","@id":"https:\/\/ayuda.xubio.com\/es-co\/#\/schema\/person\/b9d963230a0ff8a775accd6d4f33b948","name":"info@xubio.com","image":{"@type":"ImageObject","inLanguage":"es-CO","@id":"https:\/\/ayuda.xubio.com\/es-co\/#\/schema\/person\/image\/","url":"https:\/\/secure.gravatar.com\/avatar\/5c3669d8ab9ff704f1c2b4d3613f55a8c8a1064ba29ad4876f3cb07f120df1f6?s=96&d=mm&r=g","contentUrl":"https:\/\/secure.gravatar.com\/avatar\/5c3669d8ab9ff704f1c2b4d3613f55a8c8a1064ba29ad4876f3cb07f120df1f6?s=96&d=mm&r=g","caption":"info@xubio.com"}}]}},"_links":{"self":[{"href":"https:\/\/ayuda.xubio.com\/es-co\/wp-json\/wp\/v2\/posts\/9727","targetHints":{"allow":["GET"]}}],"collection":[{"href":"https:\/\/ayuda.xubio.com\/es-co\/wp-json\/wp\/v2\/posts"}],"about":[{"href":"https:\/\/ayuda.xubio.com\/es-co\/wp-json\/wp\/v2\/types\/post"}],"author":[{"embeddable":true,"href":"https:\/\/ayuda.xubio.com\/es-co\/wp-json\/wp\/v2\/users\/5"}],"replies":[{"embeddable":true,"href":"https:\/\/ayuda.xubio.com\/es-co\/wp-json\/wp\/v2\/comments?post=9727"}],"version-history":[{"count":4,"href":"https:\/\/ayuda.xubio.com\/es-co\/wp-json\/wp\/v2\/posts\/9727\/revisions"}],"predecessor-version":[{"id":12516,"href":"https:\/\/ayuda.xubio.com\/es-co\/wp-json\/wp\/v2\/posts\/9727\/revisions\/12516"}],"wp:attachment":[{"href":"https:\/\/ayuda.xubio.com\/es-co\/wp-json\/wp\/v2\/media?parent=9727"}],"wp:term":[{"taxonomy":"category","embeddable":true,"href":"https:\/\/ayuda.xubio.com\/es-co\/wp-json\/wp\/v2\/categories?post=9727"},{"taxonomy":"post_tag","embeddable":true,"href":"https:\/\/ayuda.xubio.com\/es-co\/wp-json\/wp\/v2\/tags?post=9727"}],"curies":[{"name":"wp","href":"https:\/\/api.w.org\/{rel}","templated":true}]}}