{"id":7454,"date":"2021-11-11T10:53:59","date_gmt":"2021-11-11T13:53:59","guid":{"rendered":"http:\/\/ayuda.xubio.com\/?p=7454"},"modified":"2026-02-09T19:35:34","modified_gmt":"2026-02-09T22:35:34","slug":"como-actualizar-la-resolucion-de-factura-electronica-2","status":"publish","type":"post","link":"https:\/\/ayuda.xubio.com\/es-co\/como-actualizar-la-resolucion-de-factura-electronica-2\/","title":{"rendered":"\u00bfC\u00f3mo actualizar la resoluci\u00f3n de factura electr\u00f3nica?"},"content":{"rendered":"<div class=\"fusion-fullwidth fullwidth-box fusion-builder-row-1 fusion-flex-container nonhundred-percent-fullwidth non-hundred-percent-height-scrolling\" style=\"background-color: rgba(255,255,255,0);background-position: center center;background-repeat: no-repeat;border-width: 0px 0px 0px 0px;border-color:#eae9e9;border-style:solid;\" ><div class=\"fusion-builder-row fusion-row fusion-flex-align-items-flex-start\" style=\"max-width:1175.2px;margin-left: calc(-4% \/ 2 );margin-right: calc(-4% \/ 2 );\"><div class=\"fusion-layout-column fusion_builder_column fusion-builder-column-0 fusion_builder_column_5_6 5_6 fusion-flex-column\"><div class=\"fusion-column-wrapper fusion-flex-justify-content-flex-start fusion-content-layout-column\" style=\"background-position:left top;background-repeat:no-repeat;-webkit-background-size:cover;-moz-background-size:cover;-o-background-size:cover;background-size:cover;padding: 0px 0px 0px 0px;\"><div class=\"fusion-text fusion-text-1\"><h1 class=\"title-heading-left fusion-responsive-typography-calculated\" data-fontsize=\"35\" data-lineheight=\"49px\">\u00bfC\u00f3mo actualizar la resoluci\u00f3n de factura electr\u00f3nica?<\/h1>\n<\/div><div class=\"fusion-text fusion-text-2\"><div dir=\"ltr\">\n<h2 class=\"input-box\" spellcheck=\"false\">Pasos para actualizar la resoluci\u00f3n de factura electr\u00f3nica<\/h2>\n<\/div>\n<ol>\n<li><span style=\"font-weight: 400;\">Para solicitar tu nueva resoluci\u00f3n de facturaci\u00f3n, puedes apoyarte en el siguiente paso a paso: <\/span><em><strong><a href=\"https:\/\/ayuda.xubio.com\/es-co\/como-solicito-rangos-numeracion-factura-electronica\/\">\u00bfC\u00f3mo solicito rangos de numeraci\u00f3n para factura electr\u00f3nica?<\/a><\/strong><\/em><\/li>\n<li>Independientemente de si decides dar continuidad a un prefijo y consecutivo existente o solicitar una resoluci\u00f3n para uno nuevo, debes esperar al menos 2 horas despu\u00e9s de obtenerla antes de iniciar el proceso de asociar el prefijo a CADENA en la Dian.<\/li>\n<\/ol>\n<\/div><div class=\"fusion-separator fusion-full-width-sep\" style=\"align-self: center;margin-left: auto;margin-right: auto;width:100%;\"><\/div><div class=\"fusion-text fusion-text-3\"><p>Ingresa al portal\u00a0 <strong>\u201cFacturando Electr\u00f3nicamente\u201d<\/strong> -&gt; <a href=\"https:\/\/catalogo-vpfe.dian.gov.co\/User\/Login\"><span style=\"color: #3366ff;\">https:\/\/catalogo-vpfe.dian.gov.co\/User\/Login<\/span><\/a><\/p>\n<ul>\n<li><span style=\"font-weight: 400;\">Selecciona la opci\u00f3n<\/span><span style=\"font-weight: 400;\"><strong> &#8220;Configuraci\u00f3n &gt; Rangos de Numeraci\u00f3n&#8221;<\/strong>.<\/span><\/li>\n<li>En el campo de Proveedor- Software selecciona: <b>Cadena SA \u2013 890930534efacturacadena.<\/b><\/li>\n<li>En el campo<strong> &#8220;Prefijo&#8221;<\/strong>, se listar\u00e1n las resoluciones de numeraci\u00f3n autorizadas por la DIAN bajo la modalidad electr\u00f3nica. Selecciona el prefijo que deseas asociar a Cadena SA y seguidamente pulsa el bot\u00f3n <strong>&#8220;Agregar&#8221;<\/strong>.<\/li>\n<\/ul>\n<p><a href=\"https:\/\/ayuda.xubio.com\/wp-content\/uploads\/2021\/11\/Asociar-prefijos-en-la-Dian-2.png\"><img decoding=\"async\" class=\"wp-image-17350 alignnone\" src=\"https:\/\/ayuda.xubio.com\/wp-content\/uploads\/2021\/11\/Asociar-prefijos-en-la-Dian-2-300x117.png\" alt=\"\" width=\"659\" height=\"257\" srcset=\"https:\/\/ayuda.xubio.com\/wp-content\/uploads\/2021\/11\/Asociar-prefijos-en-la-Dian-2-200x78.png 200w, https:\/\/ayuda.xubio.com\/wp-content\/uploads\/2021\/11\/Asociar-prefijos-en-la-Dian-2-300x117.png 300w, https:\/\/ayuda.xubio.com\/wp-content\/uploads\/2021\/11\/Asociar-prefijos-en-la-Dian-2-400x157.png 400w, https:\/\/ayuda.xubio.com\/wp-content\/uploads\/2021\/11\/Asociar-prefijos-en-la-Dian-2-600x235.png 600w, https:\/\/ayuda.xubio.com\/wp-content\/uploads\/2021\/11\/Asociar-prefijos-en-la-Dian-2-768x300.png 768w, https:\/\/ayuda.xubio.com\/wp-content\/uploads\/2021\/11\/Asociar-prefijos-en-la-Dian-2-800x313.png 800w, https:\/\/ayuda.xubio.com\/wp-content\/uploads\/2021\/11\/Asociar-prefijos-en-la-Dian-2-1024x401.png 1024w, https:\/\/ayuda.xubio.com\/wp-content\/uploads\/2021\/11\/Asociar-prefijos-en-la-Dian-2-1200x470.png 1200w, https:\/\/ayuda.xubio.com\/wp-content\/uploads\/2021\/11\/Asociar-prefijos-en-la-Dian-2.png 1237w\" sizes=\"(max-width: 659px) 100vw, 659px\" \/><\/a><\/p>\n<p>Video ilustrativo: <em><strong><a href=\"https:\/\/youtu.be\/AhxrVB5YG_8\">\u00bfC\u00f3mo asociar prefijos en la Dian?<\/a><\/strong><\/em><\/p>\n<\/div><div class=\"fusion-separator fusion-full-width-sep\" style=\"align-self: center;margin-left: auto;margin-right: auto;width:100%;\"><\/div><div class=\"fusion-separator fusion-full-width-sep\" style=\"align-self: center;margin-left: auto;margin-right: auto;width:100%;\"><\/div><div class=\"fusion-text fusion-text-4\"><p style=\"padding-left: 40px;\"><span style=\"font-weight: 400;\">3. Para actualizar o configurar el punto de numeraci\u00f3n, dir\u00edgete al men\u00fa de Configuraci\u00f3n \u2699\ufe0f y selecciona la opci\u00f3n \u201cMis facturas\u201d<\/span><\/p>\n<p><span style=\"font-weight: 400;\">Si tu nueva resoluci\u00f3n mantiene el mismo prefijo que ven\u00edas utilizando con Xubio, deber\u00e1s dar clic sobre el nombre del punto de numeraci\u00f3n configurado con ese prefijo. Dentro de la configuraci\u00f3n, debes dirigirte al campo <\/span><b>\u201cResoluci\u00f3n\u201d<\/b><span style=\"font-weight: 400;\"> y reemplazar el n\u00famero anterior por el nuevo, posteriormente vac\u00eda los campos restantes (<\/span><b>Primer comp., \u00daltimo comp., Fecha desde, Fecha hasta y Clave t\u00e9cnica<\/b><span style=\"font-weight: 400;\">). Estos datos se completar\u00e1n autom\u00e1ticamente al validar la primera factura electr\u00f3nica con la nueva resoluci\u00f3n. En cuanto al campo <\/span><b>\u00daltimo Utilizado<\/b><span style=\"font-weight: 400;\"> y <\/span><b>PIN<\/b><span style=\"font-weight: 400;\"> no es necesario que los modifiques. Por \u00faltimo puedes dar clic en el bot\u00f3n de guardar de la parte inferior.<\/span><\/p>\n<p><em><strong>Si tu nueva resoluci\u00f3n, tiene un prefijo nuevo que no haz usado en Xubio, deber\u00e1s configurar una nueva numeraci\u00f3n. <a href=\"https:\/\/ayuda.xubio.com\/es-co\/como-configuro-mi-numeracion-de-facturas-de-venta\/\">Ver mas<\/a><\/strong><\/em><\/p>\n<p><a href=\"http:\/\/ayuda.xubio.com\/wp-content\/uploads\/2021\/11\/Cambio-de-resolucion.gif\"><img decoding=\"async\" class=\"wp-image-7443 alignnone\" src=\"http:\/\/ayuda.xubio.com\/wp-content\/uploads\/2021\/11\/Cambio-de-resolucion.gif\" alt=\"actualizar la resoluci\u00f3n de factura electr\u00f3nica\" width=\"863\" height=\"402\" \/><\/a><\/p>\n<\/div><div class=\"fusion-separator fusion-full-width-sep\" style=\"align-self: center;margin-left: auto;margin-right: auto;width:100%;\"><\/div><div class=\"fusion-separator fusion-full-width-sep\" style=\"align-self: center;margin-left: auto;margin-right: auto;width:100%;\"><\/div><div class=\"fusion-text fusion-text-5\"><p align=\"justify\"><strong>Importante<\/strong><\/p>\n<ul>\n<li>Ambos pasos son obligatorios para seguir emitiendo facturas electr\u00f3nicas con Xubio.<\/li>\n<li style=\"font-weight: 400;\" aria-level=\"1\"><span style=\"font-weight: 400;\">Si los consecutivos se agotan antes de la fecha de vencimiento, podr\u00e1s solicitar una nueva resoluci\u00f3n para el mismo prefijo y dar continuidad a la numeraci\u00f3n sin ning\u00fan inconveniente.<\/span><\/li>\n<li style=\"font-weight: 400;\" aria-level=\"1\"><span style=\"font-weight: 400;\">Ten en cuenta que, si tu resoluci\u00f3n de facturaci\u00f3n venci\u00f3 por fecha, la DIAN no permitir\u00e1 dar continuidad al consecutivo anterior. Si bien puedes solicitar una nueva resoluci\u00f3n manteniendo el mismo prefijo, deber\u00e1s iniciar la numeraci\u00f3n a partir del siguiente consecutivo disponible despu\u00e9s del \u00faltimo habilitado en la resoluci\u00f3n vencida.<\/span><\/li>\n<\/ul>\n<\/div><div class=\"fusion-separator fusion-full-width-sep\" style=\"align-self: center;margin-left: auto;margin-right: auto;width:100%;\"><\/div><div class=\"fusion-separator fusion-full-width-sep\" style=\"align-self: center;margin-left: auto;margin-right: auto;width:100%;\"><\/div><div ><span class=\" fusion-imageframe imageframe-none imageframe-1 hover-type-none\"><a class=\"fusion-no-lightbox\" href=\"https:\/\/xubio.com\/co\/?utm_source=ayuda&amp;utm_medium=post&amp;utm_campaign=ayuda_a_xubio_cta_registro&amp;utm_content=como_actualizar_la_resolucion_de_factura_electronica_2\" target=\"_self\" aria-label=\"Banner-para-blog-co\"><img decoding=\"async\" width=\"1200\" height=\"282\" alt=\"crear cuenta gratis en Xubio\" src=\"https:\/\/ayuda.xubio.com\/wp-content\/uploads\/2021\/11\/Banner-para-blog-co.jpg\" class=\"img-responsive wp-image-9732\" srcset=\"https:\/\/ayuda.xubio.com\/wp-content\/uploads\/2021\/11\/Banner-para-blog-co-200x47.jpg 200w, https:\/\/ayuda.xubio.com\/wp-content\/uploads\/2021\/11\/Banner-para-blog-co-400x94.jpg 400w, https:\/\/ayuda.xubio.com\/wp-content\/uploads\/2021\/11\/Banner-para-blog-co-600x141.jpg 600w, https:\/\/ayuda.xubio.com\/wp-content\/uploads\/2021\/11\/Banner-para-blog-co-800x188.jpg 800w, https:\/\/ayuda.xubio.com\/wp-content\/uploads\/2021\/11\/Banner-para-blog-co.jpg 1200w\" sizes=\"(max-width: 1024px) 100vw, (max-width: 640px) 100vw, 1200px\" \/><\/a><\/span><\/div><\/div><style type=\"text\/css\">.fusion-body .fusion-builder-column-0{width:83.333333333333% !important;margin-top : 0px;margin-bottom : 20px;}.fusion-builder-column-0 > .fusion-column-wrapper {padding-top : 0px !important;padding-right : 0px !important;margin-right : 2.304%;padding-bottom : 0px !important;padding-left : 0px !important;margin-left : 2.304%;}@media only screen and (max-width:1024px) {.fusion-body .fusion-builder-column-0{width:100% !important;order : 0;}.fusion-builder-column-0 > .fusion-column-wrapper {margin-right : 1.92%;margin-left : 1.92%;}}@media only screen and (max-width:640px) {.fusion-body .fusion-builder-column-0{width:100% !important;order : 0;}.fusion-builder-column-0 > .fusion-column-wrapper {margin-right : 1.92%;margin-left : 1.92%;}}<\/style><\/div><\/div><style type=\"text\/css\">.fusion-body .fusion-flex-container.fusion-builder-row-1{ padding-top : 0px;margin-top : 0px;padding-right : 0px;padding-bottom : 0px;margin-bottom : 0px;padding-left : 0px;}<\/style><\/div>\n","protected":false},"excerpt":{"rendered":"","protected":false},"author":5,"featured_media":0,"comment_status":"open","ping_status":"open","sticky":false,"template":"","format":"standard","meta":{"inline_featured_image":false,"footnotes":""},"categories":[596],"tags":[],"class_list":["post-7454","post","type-post","status-publish","format-standard","hentry","category-preguntas-frecuentes-sobre-factura-electronica-emp-fe"],"yoast_head":"<!-- This site is optimized with the Yoast SEO plugin v24.9 - https:\/\/yoast.com\/wordpress\/plugins\/seo\/ -->\n<title>\u00bfC\u00f3mo actualizar la resoluci\u00f3n de factura electr\u00f3nica? - Xubio Ayuda<\/title>\n<meta name=\"description\" content=\"Para seguir emitiendo facturas electr\u00f3nicas es necesario aprender c\u00f3mo actualizar la resoluci\u00f3n de factura electr\u00f3nica. Aprende a hacerlo paso a paso aqu\u00ed. Haz clic\" \/>\n<meta name=\"robots\" content=\"index, follow, max-snippet:-1, max-image-preview:large, max-video-preview:-1\" \/>\n<link rel=\"canonical\" href=\"https:\/\/ayuda.xubio.com\/es-co\/como-actualizar-la-resolucion-de-factura-electronica-2\/\" \/>\n<meta property=\"og:locale\" content=\"es_ES\" \/>\n<meta property=\"og:type\" content=\"article\" \/>\n<meta property=\"og:title\" content=\"\u00bfC\u00f3mo asociar prefijos en la DIAN?\" \/>\n<meta property=\"og:description\" content=\"Si te preguntas C\u00f3mo asociar prefijos en la DIAN, en este breve instructivo te lo explicamos paso a paso. Ingresa.\" \/>\n<meta property=\"og:url\" content=\"https:\/\/ayuda.xubio.com\/es-co\/como-actualizar-la-resolucion-de-factura-electronica-2\/\" \/>\n<meta property=\"og:site_name\" content=\"Xubio Ayuda\" \/>\n<meta property=\"article:publisher\" content=\"http:\/\/www.facebook.com\/XubioCompany\" \/>\n<meta property=\"article:published_time\" content=\"2021-11-11T13:53:59+00:00\" \/>\n<meta property=\"article:modified_time\" content=\"2026-02-09T22:35:34+00:00\" \/>\n<meta property=\"og:image\" content=\"https:\/\/ayuda.xubio.com\/wp-content\/uploads\/2021\/11\/Asociar-prefijos-en-la-Dian-2.png\" \/>\n\t<meta property=\"og:image:width\" content=\"1237\" \/>\n\t<meta property=\"og:image:height\" content=\"484\" \/>\n\t<meta property=\"og:image:type\" content=\"image\/png\" \/>\n<meta name=\"author\" content=\"info@xubio.com\" \/>\n<meta name=\"twitter:card\" content=\"summary_large_image\" \/>\n<meta name=\"twitter:title\" content=\"\u00bfC\u00f3mo asociar prefijos en la DIAN?\" \/>\n<meta name=\"twitter:description\" content=\"Si te preguntas C\u00f3mo asociar prefijos en la DIAN, en este breve instructivo te lo explicamos paso a paso. Ingresa.\" \/>\n<meta name=\"twitter:label1\" content=\"Escrito por\" \/>\n\t<meta name=\"twitter:data1\" content=\"info@xubio.com\" \/>\n\t<meta name=\"twitter:label2\" content=\"Tiempo de lectura\" \/>\n\t<meta name=\"twitter:data2\" content=\"5 minutos\" \/>\n<script type=\"application\/ld+json\" class=\"yoast-schema-graph\">{\"@context\":\"https:\/\/schema.org\",\"@graph\":[{\"@type\":\"Article\",\"@id\":\"https:\/\/ayuda.xubio.com\/es-co\/como-actualizar-la-resolucion-de-factura-electronica-2\/#article\",\"isPartOf\":{\"@id\":\"https:\/\/ayuda.xubio.com\/es-co\/como-actualizar-la-resolucion-de-factura-electronica-2\/\"},\"author\":{\"name\":\"info@xubio.com\",\"@id\":\"https:\/\/ayuda.xubio.com\/es-co\/#\/schema\/person\/b9d963230a0ff8a775accd6d4f33b948\"},\"headline\":\"\u00bfC\u00f3mo actualizar la resoluci\u00f3n de factura electr\u00f3nica?\",\"datePublished\":\"2021-11-11T13:53:59+00:00\",\"dateModified\":\"2026-02-09T22:35:34+00:00\",\"mainEntityOfPage\":{\"@id\":\"https:\/\/ayuda.xubio.com\/es-co\/como-actualizar-la-resolucion-de-factura-electronica-2\/\"},\"wordCount\":1937,\"commentCount\":0,\"publisher\":{\"@id\":\"https:\/\/ayuda.xubio.com\/es-co\/#organization\"},\"image\":{\"@id\":\"https:\/\/ayuda.xubio.com\/es-co\/como-actualizar-la-resolucion-de-factura-electronica-2\/#primaryimage\"},\"thumbnailUrl\":\"https:\/\/ayuda.xubio.com\/wp-content\/uploads\/2021\/11\/Asociar-prefijos-en-la-Dian-2-300x117.png\",\"articleSection\":[\"preguntas frecuentes sobre factura electr\u00f3nica-emp-fe\"],\"inLanguage\":\"es-CO\",\"potentialAction\":[{\"@type\":\"CommentAction\",\"name\":\"Comment\",\"target\":[\"https:\/\/ayuda.xubio.com\/es-co\/como-actualizar-la-resolucion-de-factura-electronica-2\/#respond\"]}]},{\"@type\":\"WebPage\",\"@id\":\"https:\/\/ayuda.xubio.com\/es-co\/como-actualizar-la-resolucion-de-factura-electronica-2\/\",\"url\":\"https:\/\/ayuda.xubio.com\/es-co\/como-actualizar-la-resolucion-de-factura-electronica-2\/\",\"name\":\"\u00bfC\u00f3mo actualizar la resoluci\u00f3n de factura electr\u00f3nica? - Xubio Ayuda\",\"isPartOf\":{\"@id\":\"https:\/\/ayuda.xubio.com\/es-co\/#website\"},\"primaryImageOfPage\":{\"@id\":\"https:\/\/ayuda.xubio.com\/es-co\/como-actualizar-la-resolucion-de-factura-electronica-2\/#primaryimage\"},\"image\":{\"@id\":\"https:\/\/ayuda.xubio.com\/es-co\/como-actualizar-la-resolucion-de-factura-electronica-2\/#primaryimage\"},\"thumbnailUrl\":\"https:\/\/ayuda.xubio.com\/wp-content\/uploads\/2021\/11\/Asociar-prefijos-en-la-Dian-2-300x117.png\",\"datePublished\":\"2021-11-11T13:53:59+00:00\",\"dateModified\":\"2026-02-09T22:35:34+00:00\",\"description\":\"Para seguir emitiendo facturas electr\u00f3nicas es necesario aprender c\u00f3mo actualizar la resoluci\u00f3n de factura electr\u00f3nica. Aprende a hacerlo paso a paso aqu\u00ed. Haz clic\",\"breadcrumb\":{\"@id\":\"https:\/\/ayuda.xubio.com\/es-co\/como-actualizar-la-resolucion-de-factura-electronica-2\/#breadcrumb\"},\"inLanguage\":\"es-CO\",\"potentialAction\":[{\"@type\":\"ReadAction\",\"target\":[\"https:\/\/ayuda.xubio.com\/es-co\/como-actualizar-la-resolucion-de-factura-electronica-2\/\"]}]},{\"@type\":\"ImageObject\",\"inLanguage\":\"es-CO\",\"@id\":\"https:\/\/ayuda.xubio.com\/es-co\/como-actualizar-la-resolucion-de-factura-electronica-2\/#primaryimage\",\"url\":\"https:\/\/ayuda.xubio.com\/wp-content\/uploads\/2021\/11\/Asociar-prefijos-en-la-Dian-2-300x117.png\",\"contentUrl\":\"https:\/\/ayuda.xubio.com\/wp-content\/uploads\/2021\/11\/Asociar-prefijos-en-la-Dian-2-300x117.png\"},{\"@type\":\"BreadcrumbList\",\"@id\":\"https:\/\/ayuda.xubio.com\/es-co\/como-actualizar-la-resolucion-de-factura-electronica-2\/#breadcrumb\",\"itemListElement\":[{\"@type\":\"ListItem\",\"position\":1,\"name\":\"Xubio\",\"item\":\"https:\/\/ayuda.xubio.com\/es-co\/\"},{\"@type\":\"ListItem\",\"position\":2,\"name\":\"\u00bfC\u00f3mo actualizar la resoluci\u00f3n de factura electr\u00f3nica?\"}]},{\"@type\":\"WebSite\",\"@id\":\"https:\/\/ayuda.xubio.com\/es-co\/#website\",\"url\":\"https:\/\/ayuda.xubio.com\/es-co\/\",\"name\":\"Xubio Ayuda\",\"description\":\"\",\"publisher\":{\"@id\":\"https:\/\/ayuda.xubio.com\/es-co\/#organization\"},\"potentialAction\":[{\"@type\":\"SearchAction\",\"target\":{\"@type\":\"EntryPoint\",\"urlTemplate\":\"https:\/\/ayuda.xubio.com\/es-co\/?s={search_term_string}\"},\"query-input\":{\"@type\":\"PropertyValueSpecification\",\"valueRequired\":true,\"valueName\":\"search_term_string\"}}],\"inLanguage\":\"es-CO\"},{\"@type\":\"Organization\",\"@id\":\"https:\/\/ayuda.xubio.com\/es-co\/#organization\",\"name\":\"Xubio\",\"url\":\"https:\/\/ayuda.xubio.com\/es-co\/\",\"logo\":{\"@type\":\"ImageObject\",\"inLanguage\":\"es-CO\",\"@id\":\"https:\/\/ayuda.xubio.com\/es-co\/#\/schema\/logo\/image\/\",\"url\":\"https:\/\/ayuda.xubio.com\/wp-content\/uploads\/2017\/11\/logo_xubio_header.png\",\"contentUrl\":\"https:\/\/ayuda.xubio.com\/wp-content\/uploads\/2017\/11\/logo_xubio_header.png\",\"width\":161,\"height\":42,\"caption\":\"Xubio\"},\"image\":{\"@id\":\"https:\/\/ayuda.xubio.com\/es-co\/#\/schema\/logo\/image\/\"},\"sameAs\":[\"http:\/\/www.facebook.com\/XubioCompany\"]},{\"@type\":\"Person\",\"@id\":\"https:\/\/ayuda.xubio.com\/es-co\/#\/schema\/person\/b9d963230a0ff8a775accd6d4f33b948\",\"name\":\"info@xubio.com\",\"image\":{\"@type\":\"ImageObject\",\"inLanguage\":\"es-CO\",\"@id\":\"https:\/\/ayuda.xubio.com\/es-co\/#\/schema\/person\/image\/\",\"url\":\"https:\/\/secure.gravatar.com\/avatar\/5c3669d8ab9ff704f1c2b4d3613f55a8c8a1064ba29ad4876f3cb07f120df1f6?s=96&d=mm&r=g\",\"contentUrl\":\"https:\/\/secure.gravatar.com\/avatar\/5c3669d8ab9ff704f1c2b4d3613f55a8c8a1064ba29ad4876f3cb07f120df1f6?s=96&d=mm&r=g\",\"caption\":\"info@xubio.com\"}}]}<\/script>\n<!-- \/ Yoast SEO plugin. -->","yoast_head_json":{"title":"\u00bfC\u00f3mo actualizar la resoluci\u00f3n de factura electr\u00f3nica? - Xubio Ayuda","description":"Para seguir emitiendo facturas electr\u00f3nicas es necesario aprender c\u00f3mo actualizar la resoluci\u00f3n de factura electr\u00f3nica. Aprende a hacerlo paso a paso aqu\u00ed. Haz clic","robots":{"index":"index","follow":"follow","max-snippet":"max-snippet:-1","max-image-preview":"max-image-preview:large","max-video-preview":"max-video-preview:-1"},"canonical":"https:\/\/ayuda.xubio.com\/es-co\/como-actualizar-la-resolucion-de-factura-electronica-2\/","og_locale":"es_ES","og_type":"article","og_title":"\u00bfC\u00f3mo asociar prefijos en la DIAN?","og_description":"Si te preguntas C\u00f3mo asociar prefijos en la DIAN, en este breve instructivo te lo explicamos paso a paso. Ingresa.","og_url":"https:\/\/ayuda.xubio.com\/es-co\/como-actualizar-la-resolucion-de-factura-electronica-2\/","og_site_name":"Xubio Ayuda","article_publisher":"http:\/\/www.facebook.com\/XubioCompany","article_published_time":"2021-11-11T13:53:59+00:00","article_modified_time":"2026-02-09T22:35:34+00:00","og_image":[{"width":1237,"height":484,"url":"https:\/\/ayuda.xubio.com\/wp-content\/uploads\/2021\/11\/Asociar-prefijos-en-la-Dian-2.png","type":"image\/png"}],"author":"info@xubio.com","twitter_card":"summary_large_image","twitter_title":"\u00bfC\u00f3mo asociar prefijos en la DIAN?","twitter_description":"Si te preguntas C\u00f3mo asociar prefijos en la DIAN, en este breve instructivo te lo explicamos paso a paso. Ingresa.","twitter_misc":{"Escrito por":"info@xubio.com","Tiempo de lectura":"5 minutos"},"schema":{"@context":"https:\/\/schema.org","@graph":[{"@type":"Article","@id":"https:\/\/ayuda.xubio.com\/es-co\/como-actualizar-la-resolucion-de-factura-electronica-2\/#article","isPartOf":{"@id":"https:\/\/ayuda.xubio.com\/es-co\/como-actualizar-la-resolucion-de-factura-electronica-2\/"},"author":{"name":"info@xubio.com","@id":"https:\/\/ayuda.xubio.com\/es-co\/#\/schema\/person\/b9d963230a0ff8a775accd6d4f33b948"},"headline":"\u00bfC\u00f3mo actualizar la resoluci\u00f3n de factura electr\u00f3nica?","datePublished":"2021-11-11T13:53:59+00:00","dateModified":"2026-02-09T22:35:34+00:00","mainEntityOfPage":{"@id":"https:\/\/ayuda.xubio.com\/es-co\/como-actualizar-la-resolucion-de-factura-electronica-2\/"},"wordCount":1937,"commentCount":0,"publisher":{"@id":"https:\/\/ayuda.xubio.com\/es-co\/#organization"},"image":{"@id":"https:\/\/ayuda.xubio.com\/es-co\/como-actualizar-la-resolucion-de-factura-electronica-2\/#primaryimage"},"thumbnailUrl":"https:\/\/ayuda.xubio.com\/wp-content\/uploads\/2021\/11\/Asociar-prefijos-en-la-Dian-2-300x117.png","articleSection":["preguntas frecuentes sobre factura electr\u00f3nica-emp-fe"],"inLanguage":"es-CO","potentialAction":[{"@type":"CommentAction","name":"Comment","target":["https:\/\/ayuda.xubio.com\/es-co\/como-actualizar-la-resolucion-de-factura-electronica-2\/#respond"]}]},{"@type":"WebPage","@id":"https:\/\/ayuda.xubio.com\/es-co\/como-actualizar-la-resolucion-de-factura-electronica-2\/","url":"https:\/\/ayuda.xubio.com\/es-co\/como-actualizar-la-resolucion-de-factura-electronica-2\/","name":"\u00bfC\u00f3mo actualizar la resoluci\u00f3n de factura electr\u00f3nica? - Xubio Ayuda","isPartOf":{"@id":"https:\/\/ayuda.xubio.com\/es-co\/#website"},"primaryImageOfPage":{"@id":"https:\/\/ayuda.xubio.com\/es-co\/como-actualizar-la-resolucion-de-factura-electronica-2\/#primaryimage"},"image":{"@id":"https:\/\/ayuda.xubio.com\/es-co\/como-actualizar-la-resolucion-de-factura-electronica-2\/#primaryimage"},"thumbnailUrl":"https:\/\/ayuda.xubio.com\/wp-content\/uploads\/2021\/11\/Asociar-prefijos-en-la-Dian-2-300x117.png","datePublished":"2021-11-11T13:53:59+00:00","dateModified":"2026-02-09T22:35:34+00:00","description":"Para seguir emitiendo facturas electr\u00f3nicas es necesario aprender c\u00f3mo actualizar la resoluci\u00f3n de factura electr\u00f3nica. Aprende a hacerlo paso a paso aqu\u00ed. Haz clic","breadcrumb":{"@id":"https:\/\/ayuda.xubio.com\/es-co\/como-actualizar-la-resolucion-de-factura-electronica-2\/#breadcrumb"},"inLanguage":"es-CO","potentialAction":[{"@type":"ReadAction","target":["https:\/\/ayuda.xubio.com\/es-co\/como-actualizar-la-resolucion-de-factura-electronica-2\/"]}]},{"@type":"ImageObject","inLanguage":"es-CO","@id":"https:\/\/ayuda.xubio.com\/es-co\/como-actualizar-la-resolucion-de-factura-electronica-2\/#primaryimage","url":"https:\/\/ayuda.xubio.com\/wp-content\/uploads\/2021\/11\/Asociar-prefijos-en-la-Dian-2-300x117.png","contentUrl":"https:\/\/ayuda.xubio.com\/wp-content\/uploads\/2021\/11\/Asociar-prefijos-en-la-Dian-2-300x117.png"},{"@type":"BreadcrumbList","@id":"https:\/\/ayuda.xubio.com\/es-co\/como-actualizar-la-resolucion-de-factura-electronica-2\/#breadcrumb","itemListElement":[{"@type":"ListItem","position":1,"name":"Xubio","item":"https:\/\/ayuda.xubio.com\/es-co\/"},{"@type":"ListItem","position":2,"name":"\u00bfC\u00f3mo actualizar la resoluci\u00f3n de factura electr\u00f3nica?"}]},{"@type":"WebSite","@id":"https:\/\/ayuda.xubio.com\/es-co\/#website","url":"https:\/\/ayuda.xubio.com\/es-co\/","name":"Xubio Ayuda","description":"","publisher":{"@id":"https:\/\/ayuda.xubio.com\/es-co\/#organization"},"potentialAction":[{"@type":"SearchAction","target":{"@type":"EntryPoint","urlTemplate":"https:\/\/ayuda.xubio.com\/es-co\/?s={search_term_string}"},"query-input":{"@type":"PropertyValueSpecification","valueRequired":true,"valueName":"search_term_string"}}],"inLanguage":"es-CO"},{"@type":"Organization","@id":"https:\/\/ayuda.xubio.com\/es-co\/#organization","name":"Xubio","url":"https:\/\/ayuda.xubio.com\/es-co\/","logo":{"@type":"ImageObject","inLanguage":"es-CO","@id":"https:\/\/ayuda.xubio.com\/es-co\/#\/schema\/logo\/image\/","url":"https:\/\/ayuda.xubio.com\/wp-content\/uploads\/2017\/11\/logo_xubio_header.png","contentUrl":"https:\/\/ayuda.xubio.com\/wp-content\/uploads\/2017\/11\/logo_xubio_header.png","width":161,"height":42,"caption":"Xubio"},"image":{"@id":"https:\/\/ayuda.xubio.com\/es-co\/#\/schema\/logo\/image\/"},"sameAs":["http:\/\/www.facebook.com\/XubioCompany"]},{"@type":"Person","@id":"https:\/\/ayuda.xubio.com\/es-co\/#\/schema\/person\/b9d963230a0ff8a775accd6d4f33b948","name":"info@xubio.com","image":{"@type":"ImageObject","inLanguage":"es-CO","@id":"https:\/\/ayuda.xubio.com\/es-co\/#\/schema\/person\/image\/","url":"https:\/\/secure.gravatar.com\/avatar\/5c3669d8ab9ff704f1c2b4d3613f55a8c8a1064ba29ad4876f3cb07f120df1f6?s=96&d=mm&r=g","contentUrl":"https:\/\/secure.gravatar.com\/avatar\/5c3669d8ab9ff704f1c2b4d3613f55a8c8a1064ba29ad4876f3cb07f120df1f6?s=96&d=mm&r=g","caption":"info@xubio.com"}}]}},"_links":{"self":[{"href":"https:\/\/ayuda.xubio.com\/es-co\/wp-json\/wp\/v2\/posts\/7454","targetHints":{"allow":["GET"]}}],"collection":[{"href":"https:\/\/ayuda.xubio.com\/es-co\/wp-json\/wp\/v2\/posts"}],"about":[{"href":"https:\/\/ayuda.xubio.com\/es-co\/wp-json\/wp\/v2\/types\/post"}],"author":[{"embeddable":true,"href":"https:\/\/ayuda.xubio.com\/es-co\/wp-json\/wp\/v2\/users\/5"}],"replies":[{"embeddable":true,"href":"https:\/\/ayuda.xubio.com\/es-co\/wp-json\/wp\/v2\/comments?post=7454"}],"version-history":[{"count":32,"href":"https:\/\/ayuda.xubio.com\/es-co\/wp-json\/wp\/v2\/posts\/7454\/revisions"}],"predecessor-version":[{"id":17369,"href":"https:\/\/ayuda.xubio.com\/es-co\/wp-json\/wp\/v2\/posts\/7454\/revisions\/17369"}],"wp:attachment":[{"href":"https:\/\/ayuda.xubio.com\/es-co\/wp-json\/wp\/v2\/media?parent=7454"}],"wp:term":[{"taxonomy":"category","embeddable":true,"href":"https:\/\/ayuda.xubio.com\/es-co\/wp-json\/wp\/v2\/categories?post=7454"},{"taxonomy":"post_tag","embeddable":true,"href":"https:\/\/ayuda.xubio.com\/es-co\/wp-json\/wp\/v2\/tags?post=7454"}],"curies":[{"name":"wp","href":"https:\/\/api.w.org\/{rel}","templated":true}]}}