{"id":3586,"date":"2018-12-11T16:03:46","date_gmt":"2018-12-11T19:03:46","guid":{"rendered":"https:\/\/ayuda.xubio.com\/?p=3586"},"modified":"2023-06-13T17:14:39","modified_gmt":"2023-06-13T20:14:39","slug":"cuales-son-los-plazos-para-facturar-electronicamente","status":"publish","type":"post","link":"https:\/\/ayuda.xubio.com\/es-co\/cuales-son-los-plazos-para-facturar-electronicamente\/","title":{"rendered":"\u00bfCu\u00e1les son los plazos para facturar electr\u00f3nicamente?"},"content":{"rendered":"<div class=\"fusion-fullwidth fullwidth-box fusion-builder-row-1 nonhundred-percent-fullwidth non-hundred-percent-height-scrolling\" style=\"background-color: rgba(255,255,255,0);background-position: center center;background-repeat: no-repeat;padding-top:0px;padding-right:0px;padding-bottom:0px;padding-left:0px;margin-bottom: 0px;margin-top: 0px;border-width: 0px 0px 0px 0px;border-color:#eae9e9;border-style:solid;\" ><div class=\"fusion-builder-row fusion-row\"><div class=\"fusion-layout-column fusion_builder_column fusion-builder-column-0 fusion_builder_column_4_5 4_5 fusion-four-fifth fusion-column-first\" style=\"width:80%;width:calc(80% - ( ( 4% ) * 0.8 ) );margin-right: 4%;margin-top:0px;margin-bottom:20px;\"><div class=\"fusion-column-wrapper fusion-flex-column-wrapper-legacy\" style=\"background-position:left top;background-repeat:no-repeat;-webkit-background-size:cover;-moz-background-size:cover;-o-background-size:cover;background-size:cover;padding: 0px 0px 0px 0px;\"><style type=\"text\/css\"><\/style><div class=\"fusion-title title fusion-title-1 fusion-sep-none fusion-title-text fusion-title-size-one\" style=\"margin-top:0px;margin-right:0px;margin-bottom:31px;margin-left:0px;\"><h1 class=\"title-heading-left\" style=\"margin:0;\"><h1 class=\"m_5367286671396210550gmail-title-heading-left\">\u00bfCu\u00e1es son los plazos para facturar electr\u00f3nicamente?<\/h1><\/h1><\/div><div class=\"fusion-text fusion-text-1\"><ul>\n<li>Los Grandes contribuyentes empezaran a facturar el 1 de enero del 2019, seg\u00fan resoluci\u00f3n 62 del 30 de Noviembre del 2018.<\/li>\n<li>Las empresas que no pertenecen al grupo de grandes contribuyentes, empezaran a facturar electr\u00f3nicamente y de forma progresiva, dependiendo la actividad econ\u00f3mica principal inscrita en el RUT, para la cual la DIAN modifico los plazos en la resoluci\u00f3n 42 del 05 de Mayo del 2020;<\/li>\n<\/ul>\n<p><strong>1. Calendario de implementaci\u00f3n para sujetos obligados de acuerdo con la actividad econ\u00f3mica principal inscrita en el Registro \u00danico Tributario -RUT.<\/strong><\/p>\n<p><a href=\"http:\/\/ayuda.xubio.com\/wp-content\/uploads\/2018\/12\/calendario-2020.png\"><img decoding=\"async\" class=\"aligncenter wp-image-5590 size-full\" src=\"http:\/\/ayuda.xubio.com\/wp-content\/uploads\/2018\/12\/calendario-2020.png\" alt=\"\" width=\"677\" height=\"456\" srcset=\"https:\/\/ayuda.xubio.com\/wp-content\/uploads\/2018\/12\/calendario-2020-200x135.png 200w, https:\/\/ayuda.xubio.com\/wp-content\/uploads\/2018\/12\/calendario-2020-300x202.png 300w, https:\/\/ayuda.xubio.com\/wp-content\/uploads\/2018\/12\/calendario-2020-400x269.png 400w, https:\/\/ayuda.xubio.com\/wp-content\/uploads\/2018\/12\/calendario-2020-600x404.png 600w, https:\/\/ayuda.xubio.com\/wp-content\/uploads\/2018\/12\/calendario-2020.png 677w\" sizes=\"(max-width: 677px) 100vw, 677px\" \/><\/a><\/p>\n<p><strong>2.Calendario de implementaci\u00f3n que no atiende a la actividad econ\u00f3mica CIIU, para otros sujetos obligados.<\/strong><\/p>\n<p><a href=\"http:\/\/ayuda.xubio.com\/wp-content\/uploads\/2018\/12\/calendario-2020-2.png\"><img decoding=\"async\" class=\"aligncenter wp-image-5594 size-full\" src=\"http:\/\/ayuda.xubio.com\/wp-content\/uploads\/2018\/12\/calendario-2020-2.png\" alt=\"\" width=\"552\" height=\"604\" srcset=\"https:\/\/ayuda.xubio.com\/wp-content\/uploads\/2018\/12\/calendario-2020-2-200x219.png 200w, https:\/\/ayuda.xubio.com\/wp-content\/uploads\/2018\/12\/calendario-2020-2-274x300.png 274w, https:\/\/ayuda.xubio.com\/wp-content\/uploads\/2018\/12\/calendario-2020-2-400x438.png 400w, https:\/\/ayuda.xubio.com\/wp-content\/uploads\/2018\/12\/calendario-2020-2.png 552w\" sizes=\"(max-width: 552px) 100vw, 552px\" \/><\/a><\/p>\n<p><strong>3. Calendario de implementaci\u00f3n Permanente<\/strong><\/p>\n<p><a href=\"http:\/\/ayuda.xubio.com\/wp-content\/uploads\/2018\/12\/calendario-03.png\"><img decoding=\"async\" class=\"aligncenter wp-image-5598 \" src=\"http:\/\/ayuda.xubio.com\/wp-content\/uploads\/2018\/12\/calendario-03.png\" alt=\"\" width=\"673\" height=\"216\" srcset=\"https:\/\/ayuda.xubio.com\/wp-content\/uploads\/2018\/12\/calendario-03-200x64.png 200w, https:\/\/ayuda.xubio.com\/wp-content\/uploads\/2018\/12\/calendario-03-300x96.png 300w, https:\/\/ayuda.xubio.com\/wp-content\/uploads\/2018\/12\/calendario-03-400x128.png 400w, https:\/\/ayuda.xubio.com\/wp-content\/uploads\/2018\/12\/calendario-03-600x193.png 600w, https:\/\/ayuda.xubio.com\/wp-content\/uploads\/2018\/12\/calendario-03.png 754w\" sizes=\"(max-width: 673px) 100vw, 673px\" \/><\/a><\/p>\n<p>Para efectos de dar aplicaci\u00f3n a los t\u00edtulos que identifican las columnas que contienen los calendarios de implementaci\u00f3n de la factura electr\u00f3nica de venta,se deben tener en cuenta las siguientes definiciones:<\/p>\n<ul>\n<li><strong>Grupo:<\/strong> Corresponde al orden en que los sujetos obligados a expedir factura electr\u00f3nica de venta, deben cumplir con las fechas indicadas para la fase de registro en el servicio inform\u00e1tico de factura y expedici\u00f3n de la factura electr\u00f3nica de venta.<\/li>\n<li><strong>Fecha m\u00e1xima de registro en el servicio inform\u00e1tico de factura electr\u00f3nica (DD\/MM\/AAAA):<\/strong> Indica el plazo dentro del cual el sujeto obligado a expedir factura electr\u00f3nica de venta, debe registrarse como facturador electr\u00f3nico.<\/li>\n<li><strong>Fecha m\u00e1xima para iniciar a expedir factura electr\u00f3nica de venta (DD\/MM\/AAAA):<\/strong>Indica el plazo m\u00e1ximo dentro del cual el sujeto obligado a expedir factura electr\u00f3nica de venta, debe iniciar con el cumplimiento de esta obligaci\u00f3n formal.<\/li>\n<\/ul>\n<p><b>Importante<\/b><\/p>\n<ul>\n<li>Si el facturador electr\u00f3nico no se encuentra obligado a expedir factura electr\u00f3nica de venta en relaci\u00f3n con la actividad econ\u00f3mica principal indicada en el Registro \u00danico Tributario -RUT, pero desarrolla actividades econ\u00f3micas adicionales que lo obligan a expedir factura electr\u00f3nica de venta, deber\u00e1 cumplir con la implementaci\u00f3n en el orden que le corresponda a la actividad econ\u00f3mica que le genere mayores ingresos a la fecha m\u00e1xima de registro en el servicio inform\u00e1tico de factura.<\/li>\n<\/ul>\n<ul>\n<li>Los facturadores electr\u00f3nicos que inicien operaciones de venta de bienes o servicios con posterioridad a las fechas citadas, deber\u00e1n expedir factura electr\u00f3nica de venta desde el inicio de sus operaciones.<\/li>\n<\/ul>\n<ul>\n<li><strong>Implementaci\u00f3n anticipada de la factura electr\u00f3nica de venta:<\/strong> Quienes, de manera anticipada opten por implementar la factura electr\u00f3nica de venta, podr\u00e1n hacerlo; no obstante, deber\u00e1n cumplir con las disposiciones que regulan la factura electr\u00f3nica de venta. Para los casos en los que el facturador electr\u00f3nico en el procedimiento de habilitaci\u00f3n, indique una fecha anterior a la fecha m\u00e1xima para iniciar a expedir factura electr\u00f3nica de venta, se entender\u00e1 que da inicio a la implementaci\u00f3n anticipada de la factura electr\u00f3nica de venta.<\/li>\n<\/ul>\n<\/div><div class=\"fusion-sep-clear\"><\/div><div class=\"fusion-separator fusion-full-width-sep\" style=\"margin-left: auto;margin-right: auto;margin-top:20px;width:100%;\"><\/div><div class=\"fusion-sep-clear\"><\/div><div class=\"fusion-sep-clear\"><\/div><div class=\"fusion-separator fusion-full-width-sep\" style=\"margin-left: auto;margin-right: auto;margin-top:20px;width:100%;\"><\/div><div class=\"fusion-sep-clear\"><\/div><span class=\" fusion-imageframe imageframe-none imageframe-1 hover-type-none\"><a class=\"fusion-no-lightbox\" href=\"https:\/\/xubio.com\/co\/?utm_source=ayuda&amp;utm_medium=post&amp;utm_campaign=ayuda_a_xubio&amp;utm_content=cuales_son_los_plazos_para_facturar_electronicamente\" target=\"_self\" aria-label=\"Banners-blog-1-MX&#8211;CO\"><img decoding=\"async\" width=\"1024\" height=\"249\" alt=\"xubio sistema contable\" src=\"https:\/\/ayuda.xubio.com\/wp-content\/uploads\/2018\/12\/Banners-blog-1-MX-CO-1024x249.jpg\" class=\"img-responsive wp-image-12342\" srcset=\"https:\/\/ayuda.xubio.com\/wp-content\/uploads\/2018\/12\/Banners-blog-1-MX-CO-200x49.jpg 200w, https:\/\/ayuda.xubio.com\/wp-content\/uploads\/2018\/12\/Banners-blog-1-MX-CO-400x97.jpg 400w, https:\/\/ayuda.xubio.com\/wp-content\/uploads\/2018\/12\/Banners-blog-1-MX-CO-600x146.jpg 600w, https:\/\/ayuda.xubio.com\/wp-content\/uploads\/2018\/12\/Banners-blog-1-MX-CO-800x195.jpg 800w, https:\/\/ayuda.xubio.com\/wp-content\/uploads\/2018\/12\/Banners-blog-1-MX-CO.jpg 1200w\" sizes=\"(max-width: 800px) 100vw, 1024px\" \/><\/a><\/span><div class=\"fusion-clearfix\"><\/div><\/div><\/div><div class=\"fusion-layout-column fusion_builder_column fusion-builder-column-1 fusion_builder_column_1_5 1_5 fusion-one-fifth fusion-column-last\" style=\"width:20%;width:calc(20% - ( ( 4% ) * 0.2 ) );margin-top:0px;margin-bottom:20px;\"><div class=\"fusion-column-wrapper fusion-flex-column-wrapper-legacy\" style=\"background-position:left top;background-repeat:no-repeat;-webkit-background-size:cover;-moz-background-size:cover;-o-background-size:cover;background-size:cover;padding: 0px 0px 0px 0px;\"><div class=\"fusion-clearfix\"><\/div><\/div><\/div><\/div><\/div>\n","protected":false},"excerpt":{"rendered":"","protected":false},"author":5,"featured_media":0,"comment_status":"closed","ping_status":"closed","sticky":false,"template":"","format":"standard","meta":{"inline_featured_image":false,"footnotes":""},"categories":[441],"tags":[],"class_list":["post-3586","post","type-post","status-publish","format-standard","hentry","category-normativa-emp-fe"],"yoast_head":"<!-- This site is optimized with the Yoast SEO plugin v24.9 - https:\/\/yoast.com\/wordpress\/plugins\/seo\/ -->\n<title>\u00bfCu\u00e1les son los plazos para facturar electr\u00f3nicamente? - Xubio Colombia<\/title>\n<meta name=\"description\" content=\"Si te preguntas cu\u00e1les son los plazos para facturar electr\u00f3nicamente, en este breve instructivo te lo explicamos \u25ba\" \/>\n<meta name=\"robots\" content=\"index, follow, max-snippet:-1, max-image-preview:large, max-video-preview:-1\" \/>\n<link rel=\"canonical\" href=\"https:\/\/ayuda.xubio.com\/es-co\/cuales-son-los-plazos-para-facturar-electronicamente\/\" \/>\n<meta property=\"og:locale\" content=\"es_ES\" \/>\n<meta property=\"og:type\" content=\"article\" \/>\n<meta property=\"og:title\" content=\"\u00bfCu\u00e1les son los plazos para facturar electr\u00f3nicamente? - Xubio Colombia\" \/>\n<meta property=\"og:description\" content=\"Si te preguntas cu\u00e1les son los plazos para facturar electr\u00f3nicamente, en este breve instructivo te lo explicamos \u25ba\" \/>\n<meta property=\"og:url\" content=\"https:\/\/ayuda.xubio.com\/es-co\/cuales-son-los-plazos-para-facturar-electronicamente\/\" \/>\n<meta property=\"og:site_name\" content=\"Xubio Ayuda\" \/>\n<meta property=\"article:publisher\" content=\"http:\/\/www.facebook.com\/XubioCompany\" \/>\n<meta property=\"article:published_time\" content=\"2018-12-11T19:03:46+00:00\" \/>\n<meta property=\"article:modified_time\" content=\"2023-06-13T20:14:39+00:00\" \/>\n<meta property=\"og:image\" content=\"http:\/\/ayuda.xubio.com\/wp-content\/uploads\/2018\/12\/calendario-2020.png\" \/>\n<meta name=\"author\" content=\"info@xubio.com\" \/>\n<meta name=\"twitter:card\" content=\"summary_large_image\" \/>\n<meta name=\"twitter:label1\" content=\"Escrito por\" \/>\n\t<meta name=\"twitter:data1\" content=\"info@xubio.com\" \/>\n\t<meta name=\"twitter:label2\" content=\"Tiempo de lectura\" \/>\n\t<meta name=\"twitter:data2\" content=\"4 minutos\" \/>\n<script type=\"application\/ld+json\" class=\"yoast-schema-graph\">{\"@context\":\"https:\/\/schema.org\",\"@graph\":[{\"@type\":\"Article\",\"@id\":\"https:\/\/ayuda.xubio.com\/es-co\/cuales-son-los-plazos-para-facturar-electronicamente\/#article\",\"isPartOf\":{\"@id\":\"https:\/\/ayuda.xubio.com\/es-co\/cuales-son-los-plazos-para-facturar-electronicamente\/\"},\"author\":{\"name\":\"info@xubio.com\",\"@id\":\"https:\/\/ayuda.xubio.com\/es-co\/#\/schema\/person\/b9d963230a0ff8a775accd6d4f33b948\"},\"headline\":\"\u00bfCu\u00e1les son los plazos para facturar electr\u00f3nicamente?\",\"datePublished\":\"2018-12-11T19:03:46+00:00\",\"dateModified\":\"2023-06-13T20:14:39+00:00\",\"mainEntityOfPage\":{\"@id\":\"https:\/\/ayuda.xubio.com\/es-co\/cuales-son-los-plazos-para-facturar-electronicamente\/\"},\"wordCount\":1357,\"publisher\":{\"@id\":\"https:\/\/ayuda.xubio.com\/es-co\/#organization\"},\"image\":{\"@id\":\"https:\/\/ayuda.xubio.com\/es-co\/cuales-son-los-plazos-para-facturar-electronicamente\/#primaryimage\"},\"thumbnailUrl\":\"http:\/\/ayuda.xubio.com\/wp-content\/uploads\/2018\/12\/calendario-2020.png\",\"articleSection\":[\"Normativa-emp-fe\"],\"inLanguage\":\"es-CO\"},{\"@type\":\"WebPage\",\"@id\":\"https:\/\/ayuda.xubio.com\/es-co\/cuales-son-los-plazos-para-facturar-electronicamente\/\",\"url\":\"https:\/\/ayuda.xubio.com\/es-co\/cuales-son-los-plazos-para-facturar-electronicamente\/\",\"name\":\"\u00bfCu\u00e1les son los plazos para facturar electr\u00f3nicamente? - Xubio Colombia\",\"isPartOf\":{\"@id\":\"https:\/\/ayuda.xubio.com\/es-co\/#website\"},\"primaryImageOfPage\":{\"@id\":\"https:\/\/ayuda.xubio.com\/es-co\/cuales-son-los-plazos-para-facturar-electronicamente\/#primaryimage\"},\"image\":{\"@id\":\"https:\/\/ayuda.xubio.com\/es-co\/cuales-son-los-plazos-para-facturar-electronicamente\/#primaryimage\"},\"thumbnailUrl\":\"http:\/\/ayuda.xubio.com\/wp-content\/uploads\/2018\/12\/calendario-2020.png\",\"datePublished\":\"2018-12-11T19:03:46+00:00\",\"dateModified\":\"2023-06-13T20:14:39+00:00\",\"description\":\"Si te preguntas cu\u00e1les son los plazos para facturar electr\u00f3nicamente, en este breve instructivo te lo explicamos \u25ba\",\"breadcrumb\":{\"@id\":\"https:\/\/ayuda.xubio.com\/es-co\/cuales-son-los-plazos-para-facturar-electronicamente\/#breadcrumb\"},\"inLanguage\":\"es-CO\",\"potentialAction\":[{\"@type\":\"ReadAction\",\"target\":[\"https:\/\/ayuda.xubio.com\/es-co\/cuales-son-los-plazos-para-facturar-electronicamente\/\"]}]},{\"@type\":\"ImageObject\",\"inLanguage\":\"es-CO\",\"@id\":\"https:\/\/ayuda.xubio.com\/es-co\/cuales-son-los-plazos-para-facturar-electronicamente\/#primaryimage\",\"url\":\"http:\/\/ayuda.xubio.com\/wp-content\/uploads\/2018\/12\/calendario-2020.png\",\"contentUrl\":\"http:\/\/ayuda.xubio.com\/wp-content\/uploads\/2018\/12\/calendario-2020.png\"},{\"@type\":\"BreadcrumbList\",\"@id\":\"https:\/\/ayuda.xubio.com\/es-co\/cuales-son-los-plazos-para-facturar-electronicamente\/#breadcrumb\",\"itemListElement\":[{\"@type\":\"ListItem\",\"position\":1,\"name\":\"Xubio\",\"item\":\"https:\/\/ayuda.xubio.com\/es-co\/\"},{\"@type\":\"ListItem\",\"position\":2,\"name\":\"\u00bfCu\u00e1les son los plazos para facturar electr\u00f3nicamente?\"}]},{\"@type\":\"WebSite\",\"@id\":\"https:\/\/ayuda.xubio.com\/es-co\/#website\",\"url\":\"https:\/\/ayuda.xubio.com\/es-co\/\",\"name\":\"Xubio Ayuda\",\"description\":\"\",\"publisher\":{\"@id\":\"https:\/\/ayuda.xubio.com\/es-co\/#organization\"},\"potentialAction\":[{\"@type\":\"SearchAction\",\"target\":{\"@type\":\"EntryPoint\",\"urlTemplate\":\"https:\/\/ayuda.xubio.com\/es-co\/?s={search_term_string}\"},\"query-input\":{\"@type\":\"PropertyValueSpecification\",\"valueRequired\":true,\"valueName\":\"search_term_string\"}}],\"inLanguage\":\"es-CO\"},{\"@type\":\"Organization\",\"@id\":\"https:\/\/ayuda.xubio.com\/es-co\/#organization\",\"name\":\"Xubio\",\"url\":\"https:\/\/ayuda.xubio.com\/es-co\/\",\"logo\":{\"@type\":\"ImageObject\",\"inLanguage\":\"es-CO\",\"@id\":\"https:\/\/ayuda.xubio.com\/es-co\/#\/schema\/logo\/image\/\",\"url\":\"https:\/\/ayuda.xubio.com\/wp-content\/uploads\/2017\/11\/logo_xubio_header.png\",\"contentUrl\":\"https:\/\/ayuda.xubio.com\/wp-content\/uploads\/2017\/11\/logo_xubio_header.png\",\"width\":161,\"height\":42,\"caption\":\"Xubio\"},\"image\":{\"@id\":\"https:\/\/ayuda.xubio.com\/es-co\/#\/schema\/logo\/image\/\"},\"sameAs\":[\"http:\/\/www.facebook.com\/XubioCompany\"]},{\"@type\":\"Person\",\"@id\":\"https:\/\/ayuda.xubio.com\/es-co\/#\/schema\/person\/b9d963230a0ff8a775accd6d4f33b948\",\"name\":\"info@xubio.com\",\"image\":{\"@type\":\"ImageObject\",\"inLanguage\":\"es-CO\",\"@id\":\"https:\/\/ayuda.xubio.com\/es-co\/#\/schema\/person\/image\/\",\"url\":\"https:\/\/secure.gravatar.com\/avatar\/5c3669d8ab9ff704f1c2b4d3613f55a8c8a1064ba29ad4876f3cb07f120df1f6?s=96&d=mm&r=g\",\"contentUrl\":\"https:\/\/secure.gravatar.com\/avatar\/5c3669d8ab9ff704f1c2b4d3613f55a8c8a1064ba29ad4876f3cb07f120df1f6?s=96&d=mm&r=g\",\"caption\":\"info@xubio.com\"}}]}<\/script>\n<!-- \/ Yoast SEO plugin. -->","yoast_head_json":{"title":"\u00bfCu\u00e1les son los plazos para facturar electr\u00f3nicamente? - Xubio Colombia","description":"Si te preguntas cu\u00e1les son los plazos para facturar electr\u00f3nicamente, en este breve instructivo te lo explicamos \u25ba","robots":{"index":"index","follow":"follow","max-snippet":"max-snippet:-1","max-image-preview":"max-image-preview:large","max-video-preview":"max-video-preview:-1"},"canonical":"https:\/\/ayuda.xubio.com\/es-co\/cuales-son-los-plazos-para-facturar-electronicamente\/","og_locale":"es_ES","og_type":"article","og_title":"\u00bfCu\u00e1les son los plazos para facturar electr\u00f3nicamente? - Xubio Colombia","og_description":"Si te preguntas cu\u00e1les son los plazos para facturar electr\u00f3nicamente, en este breve instructivo te lo explicamos \u25ba","og_url":"https:\/\/ayuda.xubio.com\/es-co\/cuales-son-los-plazos-para-facturar-electronicamente\/","og_site_name":"Xubio Ayuda","article_publisher":"http:\/\/www.facebook.com\/XubioCompany","article_published_time":"2018-12-11T19:03:46+00:00","article_modified_time":"2023-06-13T20:14:39+00:00","og_image":[{"url":"http:\/\/ayuda.xubio.com\/wp-content\/uploads\/2018\/12\/calendario-2020.png","type":"","width":"","height":""}],"author":"info@xubio.com","twitter_card":"summary_large_image","twitter_misc":{"Escrito por":"info@xubio.com","Tiempo de lectura":"4 minutos"},"schema":{"@context":"https:\/\/schema.org","@graph":[{"@type":"Article","@id":"https:\/\/ayuda.xubio.com\/es-co\/cuales-son-los-plazos-para-facturar-electronicamente\/#article","isPartOf":{"@id":"https:\/\/ayuda.xubio.com\/es-co\/cuales-son-los-plazos-para-facturar-electronicamente\/"},"author":{"name":"info@xubio.com","@id":"https:\/\/ayuda.xubio.com\/es-co\/#\/schema\/person\/b9d963230a0ff8a775accd6d4f33b948"},"headline":"\u00bfCu\u00e1les son los plazos para facturar electr\u00f3nicamente?","datePublished":"2018-12-11T19:03:46+00:00","dateModified":"2023-06-13T20:14:39+00:00","mainEntityOfPage":{"@id":"https:\/\/ayuda.xubio.com\/es-co\/cuales-son-los-plazos-para-facturar-electronicamente\/"},"wordCount":1357,"publisher":{"@id":"https:\/\/ayuda.xubio.com\/es-co\/#organization"},"image":{"@id":"https:\/\/ayuda.xubio.com\/es-co\/cuales-son-los-plazos-para-facturar-electronicamente\/#primaryimage"},"thumbnailUrl":"http:\/\/ayuda.xubio.com\/wp-content\/uploads\/2018\/12\/calendario-2020.png","articleSection":["Normativa-emp-fe"],"inLanguage":"es-CO"},{"@type":"WebPage","@id":"https:\/\/ayuda.xubio.com\/es-co\/cuales-son-los-plazos-para-facturar-electronicamente\/","url":"https:\/\/ayuda.xubio.com\/es-co\/cuales-son-los-plazos-para-facturar-electronicamente\/","name":"\u00bfCu\u00e1les son los plazos para facturar electr\u00f3nicamente? - Xubio Colombia","isPartOf":{"@id":"https:\/\/ayuda.xubio.com\/es-co\/#website"},"primaryImageOfPage":{"@id":"https:\/\/ayuda.xubio.com\/es-co\/cuales-son-los-plazos-para-facturar-electronicamente\/#primaryimage"},"image":{"@id":"https:\/\/ayuda.xubio.com\/es-co\/cuales-son-los-plazos-para-facturar-electronicamente\/#primaryimage"},"thumbnailUrl":"http:\/\/ayuda.xubio.com\/wp-content\/uploads\/2018\/12\/calendario-2020.png","datePublished":"2018-12-11T19:03:46+00:00","dateModified":"2023-06-13T20:14:39+00:00","description":"Si te preguntas cu\u00e1les son los plazos para facturar electr\u00f3nicamente, en este breve instructivo te lo explicamos \u25ba","breadcrumb":{"@id":"https:\/\/ayuda.xubio.com\/es-co\/cuales-son-los-plazos-para-facturar-electronicamente\/#breadcrumb"},"inLanguage":"es-CO","potentialAction":[{"@type":"ReadAction","target":["https:\/\/ayuda.xubio.com\/es-co\/cuales-son-los-plazos-para-facturar-electronicamente\/"]}]},{"@type":"ImageObject","inLanguage":"es-CO","@id":"https:\/\/ayuda.xubio.com\/es-co\/cuales-son-los-plazos-para-facturar-electronicamente\/#primaryimage","url":"http:\/\/ayuda.xubio.com\/wp-content\/uploads\/2018\/12\/calendario-2020.png","contentUrl":"http:\/\/ayuda.xubio.com\/wp-content\/uploads\/2018\/12\/calendario-2020.png"},{"@type":"BreadcrumbList","@id":"https:\/\/ayuda.xubio.com\/es-co\/cuales-son-los-plazos-para-facturar-electronicamente\/#breadcrumb","itemListElement":[{"@type":"ListItem","position":1,"name":"Xubio","item":"https:\/\/ayuda.xubio.com\/es-co\/"},{"@type":"ListItem","position":2,"name":"\u00bfCu\u00e1les son los plazos para facturar electr\u00f3nicamente?"}]},{"@type":"WebSite","@id":"https:\/\/ayuda.xubio.com\/es-co\/#website","url":"https:\/\/ayuda.xubio.com\/es-co\/","name":"Xubio Ayuda","description":"","publisher":{"@id":"https:\/\/ayuda.xubio.com\/es-co\/#organization"},"potentialAction":[{"@type":"SearchAction","target":{"@type":"EntryPoint","urlTemplate":"https:\/\/ayuda.xubio.com\/es-co\/?s={search_term_string}"},"query-input":{"@type":"PropertyValueSpecification","valueRequired":true,"valueName":"search_term_string"}}],"inLanguage":"es-CO"},{"@type":"Organization","@id":"https:\/\/ayuda.xubio.com\/es-co\/#organization","name":"Xubio","url":"https:\/\/ayuda.xubio.com\/es-co\/","logo":{"@type":"ImageObject","inLanguage":"es-CO","@id":"https:\/\/ayuda.xubio.com\/es-co\/#\/schema\/logo\/image\/","url":"https:\/\/ayuda.xubio.com\/wp-content\/uploads\/2017\/11\/logo_xubio_header.png","contentUrl":"https:\/\/ayuda.xubio.com\/wp-content\/uploads\/2017\/11\/logo_xubio_header.png","width":161,"height":42,"caption":"Xubio"},"image":{"@id":"https:\/\/ayuda.xubio.com\/es-co\/#\/schema\/logo\/image\/"},"sameAs":["http:\/\/www.facebook.com\/XubioCompany"]},{"@type":"Person","@id":"https:\/\/ayuda.xubio.com\/es-co\/#\/schema\/person\/b9d963230a0ff8a775accd6d4f33b948","name":"info@xubio.com","image":{"@type":"ImageObject","inLanguage":"es-CO","@id":"https:\/\/ayuda.xubio.com\/es-co\/#\/schema\/person\/image\/","url":"https:\/\/secure.gravatar.com\/avatar\/5c3669d8ab9ff704f1c2b4d3613f55a8c8a1064ba29ad4876f3cb07f120df1f6?s=96&d=mm&r=g","contentUrl":"https:\/\/secure.gravatar.com\/avatar\/5c3669d8ab9ff704f1c2b4d3613f55a8c8a1064ba29ad4876f3cb07f120df1f6?s=96&d=mm&r=g","caption":"info@xubio.com"}}]}},"_links":{"self":[{"href":"https:\/\/ayuda.xubio.com\/es-co\/wp-json\/wp\/v2\/posts\/3586","targetHints":{"allow":["GET"]}}],"collection":[{"href":"https:\/\/ayuda.xubio.com\/es-co\/wp-json\/wp\/v2\/posts"}],"about":[{"href":"https:\/\/ayuda.xubio.com\/es-co\/wp-json\/wp\/v2\/types\/post"}],"author":[{"embeddable":true,"href":"https:\/\/ayuda.xubio.com\/es-co\/wp-json\/wp\/v2\/users\/5"}],"replies":[{"embeddable":true,"href":"https:\/\/ayuda.xubio.com\/es-co\/wp-json\/wp\/v2\/comments?post=3586"}],"version-history":[{"count":14,"href":"https:\/\/ayuda.xubio.com\/es-co\/wp-json\/wp\/v2\/posts\/3586\/revisions"}],"predecessor-version":[{"id":12383,"href":"https:\/\/ayuda.xubio.com\/es-co\/wp-json\/wp\/v2\/posts\/3586\/revisions\/12383"}],"wp:attachment":[{"href":"https:\/\/ayuda.xubio.com\/es-co\/wp-json\/wp\/v2\/media?parent=3586"}],"wp:term":[{"taxonomy":"category","embeddable":true,"href":"https:\/\/ayuda.xubio.com\/es-co\/wp-json\/wp\/v2\/categories?post=3586"},{"taxonomy":"post_tag","embeddable":true,"href":"https:\/\/ayuda.xubio.com\/es-co\/wp-json\/wp\/v2\/tags?post=3586"}],"curies":[{"name":"wp","href":"https:\/\/api.w.org\/{rel}","templated":true}]}}