{"id":1461,"date":"2018-09-25T10:52:46","date_gmt":"2018-09-25T13:52:46","guid":{"rendered":"https:\/\/ayuda.xubio.com\/?p=1461"},"modified":"2025-02-06T12:25:09","modified_gmt":"2025-02-06T15:25:09","slug":"como-veo-posicion-mensual-iva","status":"publish","type":"post","link":"https:\/\/ayuda.xubio.com\/es-ar\/como-veo-posicion-mensual-iva\/","title":{"rendered":"\u00bfC\u00f3mo veo mi posici\u00f3n mensual de IVA?"},"content":{"rendered":"<div class=\"fusion-fullwidth fullwidth-box fusion-builder-row-1 nonhundred-percent-fullwidth non-hundred-percent-height-scrolling\" style=\"background-color: rgba(255,255,255,0);background-position: center center;background-repeat: no-repeat;padding-top:0px;padding-right:0px;padding-bottom:0px;padding-left:0px;margin-bottom: 0px;margin-top: 0px;border-width: 0px 0px 0px 0px;border-color:#eae9e9;border-style:solid;\" ><div class=\"fusion-builder-row fusion-row\"><div class=\"fusion-layout-column fusion_builder_column fusion-builder-column-0 fusion_builder_column_4_5 4_5 fusion-four-fifth fusion-column-first\" style=\"width:80%;width:calc(80% - ( ( 4% ) * 0.8 ) );margin-right: 4%;margin-top:0px;margin-bottom:20px;\"><div class=\"fusion-column-wrapper fusion-flex-column-wrapper-legacy\" style=\"background-position:left top;background-repeat:no-repeat;-webkit-background-size:cover;-moz-background-size:cover;-o-background-size:cover;background-size:cover;padding: 0px 0px 0px 0px;\"><style type=\"text\/css\"><\/style><div class=\"fusion-title title fusion-title-1 fusion-sep-none fusion-title-text fusion-title-size-one\" style=\"margin-top:0px;margin-right:0px;margin-bottom:31px;margin-left:0px;\"><h1 class=\"title-heading-left\" style=\"margin:0;\"><h1>\u00bfComo veo mi posici\u00f3n mensual de IVA?<\/h1><\/h1><\/div><div class=\"fusion-text fusion-text-1\"><h2><strong>Pasos para visualizar la posici\u00f3n mensual de IVA<\/strong><\/h2>\n<\/div><div class=\"fusion-sep-clear\"><\/div><div class=\"fusion-separator fusion-full-width-sep\" style=\"margin-left: auto;margin-right: auto;margin-top:20px;width:100%;\"><\/div><div class=\"fusion-sep-clear\"><\/div><div class=\"fusion-text fusion-text-2\"><p>Desde la barra de navegaci\u00f3n superior ingresa en <strong>\u201cImpuestos&#8221;<\/strong> y hac\u00e9 clic en <strong>&#8220;Posici\u00f3n IVA\u201d<\/strong>.<\/p>\n<p>Dentro de la grilla ver\u00e1s las siguientes filas:<\/p>\n<ul>\n<li><strong> IVA D\u00e9bito Fiscal<\/strong>: Aqu\u00ed visualizar\u00e1s el acumulado de IVA d\u00e9bito generado en el per\u00edodo solicitado.<\/li>\n<li><strong>IVA Cr\u00e9dito Fiscal<\/strong>: Aqu\u00ed visualizar\u00e1s el acumulado de IVA Cr\u00e9dito generado en el per\u00edodo solicitado.<\/li>\n<li><strong>IVA Saldo a Favor del Per\u00edodo Anterior: <\/strong>En caso de tener Saldo a Favor t\u00e9cnico de IVA del per\u00edodo anterior al de la consulta lo ver\u00e1s en este campo.<\/li>\n<li><strong>IVA Saldo T\u00e9cnico a Favor del Contribuyente:\u00a0<\/strong>En caso de que el saldo t\u00e9cnico del per\u00edodo sea a tu favor lo ver\u00e1s en este campo.<\/li>\n<li><strong>Retenci\u00f3n de IVA Sufrida: <\/strong>Si sufriste retenciones en el per\u00edodo de consulta ver\u00e1s el acumulado en este campo.<\/li>\n<li><strong>Percepci\u00f3n de IVA Sufrida:\u00a0<\/strong>Si sufriste percepciones en el per\u00edodo de consulta ver\u00e1s el acumulado en este campo.<\/li>\n<li><strong>IVA Saldo a Favor de Libre Disponibilidad del Per\u00edodo Anterior:<\/strong> En caso de tener Saldo a Favor de Libre Disponibilidad de IVA del per\u00edodo anterior al de la consulta lo ver\u00e1s en este campo.<\/li>\n<li><strong>IVA Saldo a Favor de Libre Disponibilidad del Per\u00edodo:\u00a0<\/strong>En caso de que el saldo de libre disponibilidad del per\u00edodo sea a tu favor lo ver\u00e1s en este campo.<\/li>\n<li><strong>IVA Saldo del Impuesto a Favor de la ARCA: <\/strong>Si la posici\u00f3n mensual arroja un saldo del impuesto a pagar lo ver\u00e1s en este campo.<\/li>\n<\/ul>\n<\/div><div class=\"fusion-sep-clear\"><\/div><div class=\"fusion-separator fusion-full-width-sep\" style=\"margin-left: auto;margin-right: auto;margin-top:20px;width:100%;\"><\/div><div class=\"fusion-sep-clear\"><\/div><span class=\" fusion-imageframe imageframe-none imageframe-1 hover-type-none\"><a class=\"fusion-no-lightbox\" href=\"https:\/\/xubio.com\/ar\/?utm_source=blog&amp;utm_medium=post&amp;utm_campaign=ayuda_a_xubio_cta&amp;utm_content=posicion_mensual_iva\" target=\"_self\" aria-label=\"Banner-para-blog3\"><img decoding=\"async\" width=\"1200\" height=\"292\" alt=\"sistema de gesti\u00f3n xubio\" src=\"https:\/\/ayuda.xubio.com\/wp-content\/uploads\/2018\/11\/Banner-para-blog3.jpg\" class=\"img-responsive wp-image-9173\" srcset=\"https:\/\/ayuda.xubio.com\/wp-content\/uploads\/2018\/11\/Banner-para-blog3-200x49.jpg 200w, https:\/\/ayuda.xubio.com\/wp-content\/uploads\/2018\/11\/Banner-para-blog3-400x97.jpg 400w, https:\/\/ayuda.xubio.com\/wp-content\/uploads\/2018\/11\/Banner-para-blog3-600x146.jpg 600w, https:\/\/ayuda.xubio.com\/wp-content\/uploads\/2018\/11\/Banner-para-blog3-800x195.jpg 800w, https:\/\/ayuda.xubio.com\/wp-content\/uploads\/2018\/11\/Banner-para-blog3.jpg 1200w\" sizes=\"(max-width: 800px) 100vw, 1200px\" \/><\/a><\/span><div class=\"fusion-text fusion-text-3\"><div class=\"fusion-text\">\n<h2>\u00bfC\u00f3mo personalizar tus reportes?<\/h2>\n<p><strong>Pod\u00e9s personalizar tu reporte con los siguientes filtros:<\/strong><\/p>\n<\/div>\n<div class=\"fusion-text\">\n<ul>\n<li><b>Mes: <\/b>Seleccion\u00e1 el mes de consulta de tu posici\u00f3n IVA.<\/li>\n<li><strong>A\u00f1o:\u00a0<\/strong>Seleccion\u00e1 el a\u00f1o de consulta de tu posici\u00f3n IVA.<\/li>\n<li><strong>Circuito Contable:<\/strong> En caso de utilizar circuitos contables selecciona el que dese\u00e1s en este campo. En caso de no especificar Xubio mostrar\u00e1 saldos que se encuentren en el circuito \u201cDefault\u201d. Record\u00e1, esta opci\u00f3n est\u00e1 disponible solo para aquellas cuentas que posean un plan de empresa o estudio contable.<\/li>\n<\/ul>\n<\/div>\n<\/div><div class=\"fusion-sep-clear\"><\/div><div class=\"fusion-separator fusion-full-width-sep\" style=\"margin-left: auto;margin-right: auto;margin-top:20px;width:100%;\"><\/div><div class=\"fusion-sep-clear\"><\/div><div class=\"fusion-text fusion-text-4\"><h2><strong>Recomendaciones<\/strong><\/h2>\n<\/div><div class=\"fusion-text fusion-text-5\"><ul>\n<li>Este reporte resulta \u00fatil para que puedas tener una visi\u00f3n de tu posici\u00f3n de IVA antes de realizar la liquidaci\u00f3n y presentaci\u00f3n impositiva.<\/li>\n<li>Si ingres\u00e1s un asiento con la posici\u00f3n de IVA modificar\u00e1 los saldos del mes y en caso de arrojar saldo a favor lo trasladar\u00e1 al mes siguiente.<\/li>\n<li>En el campo &#8220;IVA Cr\u00e9dito Fiscal&#8221; ver\u00e1s los acumulados de todas las cuentas contables de categor\u00eda &#8220;Cr\u00e9ditos Impositivos&gt; IVA Cr\u00e9dito Fiscal&#8221;.<\/li>\n<li>En el campo &#8220;IVA D\u00e9bito Fiscal&#8221; ver\u00e1s los acumulados de todas las cuentas contables de categor\u00eda &#8220;Deudas Fiscales&gt; IVA D\u00e9bito Fiscal&#8221;.<\/li>\n<li>Los Saldos t\u00e9cnicos se generan por las diferencias entre las cuentas contables de categor\u00eda &#8220;IVA Cr\u00e9dito Fiscal&#8221; e &#8220;IVA D\u00e9bito Fiscal&#8221;.<\/li>\n<li>En el campo &#8220;Retenci\u00f3n de IVA Sufrida&#8221; ver\u00e1s los acumulados de todas las cuentas contables de categor\u00eda &#8220;Cr\u00e9ditos Impositivos&gt; Retenci\u00f3n de IVA Sufrida&#8221;.<\/li>\n<li>En el campo &#8220;Percepci\u00f3n de IVA Sufrida&#8221; ver\u00e1s los acumulados de todas las cuentas contables de categor\u00eda &#8220;Cr\u00e9ditos Impositivos&gt; Percepci\u00f3n de IVA Sufrida&#8221;.<\/li>\n<li>Los Saldos de Libre Disponibilidad se generan por los acumulados de retenciones y percepciones.<\/li>\n<li>Pod\u00e9s exportar este reporte en planilla de excel para utilizarlo como papel de trabajo.<\/li>\n<\/ul>\n<\/div><div class=\"fusion-sep-clear\"><\/div><div class=\"fusion-separator fusion-full-width-sep\" style=\"margin-left: auto;margin-right: auto;margin-top:20px;width:100%;\"><\/div><div class=\"fusion-sep-clear\"><\/div><div class=\"fusion-sep-clear\"><\/div><div class=\"fusion-separator fusion-full-width-sep\" style=\"margin-left: auto;margin-right: auto;margin-top:20px;width:100%;\"><\/div><div class=\"fusion-sep-clear\"><\/div><div class=\"fusion-clearfix\"><\/div><\/div><\/div><div class=\"fusion-layout-column fusion_builder_column fusion-builder-column-1 fusion_builder_column_1_5 1_5 fusion-one-fifth fusion-column-last\" style=\"width:20%;width:calc(20% - ( ( 4% ) * 0.2 ) );margin-top:0px;margin-bottom:20px;\"><div class=\"fusion-column-wrapper fusion-flex-column-wrapper-legacy\" style=\"background-position:left top;background-repeat:no-repeat;-webkit-background-size:cover;-moz-background-size:cover;-o-background-size:cover;background-size:cover;padding: 0px 0px 0px 0px;\"><div class=\"fusion-clearfix\"><\/div><\/div><\/div><\/div><\/div>\n","protected":false},"excerpt":{"rendered":"","protected":false},"author":5,"featured_media":0,"comment_status":"closed","ping_status":"closed","sticky":false,"template":"","format":"standard","meta":{"inline_featured_image":false,"footnotes":""},"categories":[113,182],"tags":[],"class_list":["post-1461","post","type-post","status-publish","format-standard","hentry","category-iva-impuestos-emp-es-ar","category-iva-impuestos-cont-es-ar"],"yoast_head":"<!-- This site is optimized with the Yoast SEO plugin v24.9 - https:\/\/yoast.com\/wordpress\/plugins\/seo\/ -->\n<title>\u00bfC\u00f3mo veo mi posici\u00f3n mensual de IVA?<\/title>\n<meta name=\"description\" content=\"Segu\u00ed los pasos para visualizar tu posici\u00f3n mensual del IVA en el software de Xubio Argentina. Mir\u00e1 tu posici\u00f3n mensual de IVA desde Impuestos \/ Posici\u00f3n IVA. \u00a1Hac\u00e9 clic!\" \/>\n<meta name=\"robots\" content=\"index, follow, max-snippet:-1, max-image-preview:large, max-video-preview:-1\" \/>\n<link rel=\"canonical\" href=\"https:\/\/ayuda.xubio.com\/es-ar\/como-veo-posicion-mensual-iva\/\" \/>\n<meta property=\"og:locale\" content=\"es_ES\" \/>\n<meta property=\"og:type\" content=\"article\" \/>\n<meta property=\"og:title\" content=\"\u00bfC\u00f3mo veo mi posici\u00f3n mensual del IVA? - Xubio Ayuda\" \/>\n<meta property=\"og:description\" content=\"Segu\u00ed los pasos para visualizar tu posici\u00f3n mensual del IVA en el software de Xubio Argentina. Mir\u00e1 tu posici\u00f3n mensual de IVA desde Impuestos \/ Posici\u00f3n IVA. \u00a1Hac\u00e9 clic!\" \/>\n<meta property=\"og:url\" content=\"https:\/\/ayuda.xubio.com\/es-ar\/como-veo-posicion-mensual-iva\/\" \/>\n<meta property=\"og:site_name\" content=\"Xubio Ayuda\" \/>\n<meta property=\"article:publisher\" content=\"http:\/\/www.facebook.com\/XubioCompany\" \/>\n<meta property=\"article:published_time\" content=\"2018-09-25T13:52:46+00:00\" \/>\n<meta property=\"article:modified_time\" content=\"2025-02-06T15:25:09+00:00\" \/>\n<meta name=\"author\" content=\"info@xubio.com\" \/>\n<meta name=\"twitter:card\" content=\"summary_large_image\" \/>\n<meta name=\"twitter:title\" content=\"\u00bfC\u00f3mo veo mi posici\u00f3n mensual del IVA?\" \/>\n<meta name=\"twitter:description\" content=\"\u00bfC\u00f3mo veo mi posici\u00f3n mensual de IVA? En este breve instructivo te lo contamos \u00a1Ingres\u00e1!\" \/>\n<meta name=\"twitter:label1\" content=\"Escrito por\" \/>\n\t<meta name=\"twitter:data1\" content=\"info@xubio.com\" \/>\n\t<meta name=\"twitter:label2\" content=\"Tiempo de lectura\" \/>\n\t<meta name=\"twitter:data2\" content=\"5 minutos\" \/>\n<script type=\"application\/ld+json\" class=\"yoast-schema-graph\">{\"@context\":\"https:\/\/schema.org\",\"@graph\":[{\"@type\":\"Article\",\"@id\":\"https:\/\/ayuda.xubio.com\/es-ar\/como-veo-posicion-mensual-iva\/#article\",\"isPartOf\":{\"@id\":\"https:\/\/ayuda.xubio.com\/es-ar\/como-veo-posicion-mensual-iva\/\"},\"author\":{\"name\":\"info@xubio.com\",\"@id\":\"https:\/\/ayuda.xubio.com\/es-ar\/#\/schema\/person\/b9d963230a0ff8a775accd6d4f33b948\"},\"headline\":\"\u00bfC\u00f3mo veo mi posici\u00f3n mensual de IVA?\",\"datePublished\":\"2018-09-25T13:52:46+00:00\",\"dateModified\":\"2025-02-06T15:25:09+00:00\",\"mainEntityOfPage\":{\"@id\":\"https:\/\/ayuda.xubio.com\/es-ar\/como-veo-posicion-mensual-iva\/\"},\"wordCount\":1743,\"publisher\":{\"@id\":\"https:\/\/ayuda.xubio.com\/es-ar\/#organization\"},\"articleSection\":[\"IVA-impuestos-emp\",\"IVA-impuestos-cont\"],\"inLanguage\":\"es-AR\"},{\"@type\":\"WebPage\",\"@id\":\"https:\/\/ayuda.xubio.com\/es-ar\/como-veo-posicion-mensual-iva\/\",\"url\":\"https:\/\/ayuda.xubio.com\/es-ar\/como-veo-posicion-mensual-iva\/\",\"name\":\"\u00bfC\u00f3mo veo mi posici\u00f3n mensual de IVA?\",\"isPartOf\":{\"@id\":\"https:\/\/ayuda.xubio.com\/es-ar\/#website\"},\"datePublished\":\"2018-09-25T13:52:46+00:00\",\"dateModified\":\"2025-02-06T15:25:09+00:00\",\"description\":\"Segu\u00ed los pasos para visualizar tu posici\u00f3n mensual del IVA en el software de Xubio Argentina. Mir\u00e1 tu posici\u00f3n mensual de IVA desde Impuestos \/ Posici\u00f3n IVA. \u00a1Hac\u00e9 clic!\",\"breadcrumb\":{\"@id\":\"https:\/\/ayuda.xubio.com\/es-ar\/como-veo-posicion-mensual-iva\/#breadcrumb\"},\"inLanguage\":\"es-AR\",\"potentialAction\":[{\"@type\":\"ReadAction\",\"target\":[\"https:\/\/ayuda.xubio.com\/es-ar\/como-veo-posicion-mensual-iva\/\"]}]},{\"@type\":\"BreadcrumbList\",\"@id\":\"https:\/\/ayuda.xubio.com\/es-ar\/como-veo-posicion-mensual-iva\/#breadcrumb\",\"itemListElement\":[{\"@type\":\"ListItem\",\"position\":1,\"name\":\"Xubio\",\"item\":\"https:\/\/ayuda.xubio.com\/es-ar\/\"},{\"@type\":\"ListItem\",\"position\":2,\"name\":\"\u00bfC\u00f3mo veo mi posici\u00f3n mensual de IVA?\"}]},{\"@type\":\"WebSite\",\"@id\":\"https:\/\/ayuda.xubio.com\/es-ar\/#website\",\"url\":\"https:\/\/ayuda.xubio.com\/es-ar\/\",\"name\":\"Xubio Ayuda\",\"description\":\"\",\"publisher\":{\"@id\":\"https:\/\/ayuda.xubio.com\/es-ar\/#organization\"},\"potentialAction\":[{\"@type\":\"SearchAction\",\"target\":{\"@type\":\"EntryPoint\",\"urlTemplate\":\"https:\/\/ayuda.xubio.com\/es-ar\/?s={search_term_string}\"},\"query-input\":{\"@type\":\"PropertyValueSpecification\",\"valueRequired\":true,\"valueName\":\"search_term_string\"}}],\"inLanguage\":\"es-AR\"},{\"@type\":\"Organization\",\"@id\":\"https:\/\/ayuda.xubio.com\/es-ar\/#organization\",\"name\":\"Xubio\",\"url\":\"https:\/\/ayuda.xubio.com\/es-ar\/\",\"logo\":{\"@type\":\"ImageObject\",\"inLanguage\":\"es-AR\",\"@id\":\"https:\/\/ayuda.xubio.com\/es-ar\/#\/schema\/logo\/image\/\",\"url\":\"https:\/\/ayuda.xubio.com\/wp-content\/uploads\/2017\/11\/logo_xubio_header.png\",\"contentUrl\":\"https:\/\/ayuda.xubio.com\/wp-content\/uploads\/2017\/11\/logo_xubio_header.png\",\"width\":161,\"height\":42,\"caption\":\"Xubio\"},\"image\":{\"@id\":\"https:\/\/ayuda.xubio.com\/es-ar\/#\/schema\/logo\/image\/\"},\"sameAs\":[\"http:\/\/www.facebook.com\/XubioCompany\"]},{\"@type\":\"Person\",\"@id\":\"https:\/\/ayuda.xubio.com\/es-ar\/#\/schema\/person\/b9d963230a0ff8a775accd6d4f33b948\",\"name\":\"info@xubio.com\",\"image\":{\"@type\":\"ImageObject\",\"inLanguage\":\"es-AR\",\"@id\":\"https:\/\/ayuda.xubio.com\/es-ar\/#\/schema\/person\/image\/\",\"url\":\"https:\/\/secure.gravatar.com\/avatar\/5c3669d8ab9ff704f1c2b4d3613f55a8c8a1064ba29ad4876f3cb07f120df1f6?s=96&d=mm&r=g\",\"contentUrl\":\"https:\/\/secure.gravatar.com\/avatar\/5c3669d8ab9ff704f1c2b4d3613f55a8c8a1064ba29ad4876f3cb07f120df1f6?s=96&d=mm&r=g\",\"caption\":\"info@xubio.com\"}}]}<\/script>\n<!-- \/ Yoast SEO plugin. -->","yoast_head_json":{"title":"\u00bfC\u00f3mo veo mi posici\u00f3n mensual de IVA?","description":"Segu\u00ed los pasos para visualizar tu posici\u00f3n mensual del IVA en el software de Xubio Argentina. Mir\u00e1 tu posici\u00f3n mensual de IVA desde Impuestos \/ Posici\u00f3n IVA. \u00a1Hac\u00e9 clic!","robots":{"index":"index","follow":"follow","max-snippet":"max-snippet:-1","max-image-preview":"max-image-preview:large","max-video-preview":"max-video-preview:-1"},"canonical":"https:\/\/ayuda.xubio.com\/es-ar\/como-veo-posicion-mensual-iva\/","og_locale":"es_ES","og_type":"article","og_title":"\u00bfC\u00f3mo veo mi posici\u00f3n mensual del IVA? - Xubio Ayuda","og_description":"Segu\u00ed los pasos para visualizar tu posici\u00f3n mensual del IVA en el software de Xubio Argentina. Mir\u00e1 tu posici\u00f3n mensual de IVA desde Impuestos \/ Posici\u00f3n IVA. \u00a1Hac\u00e9 clic!","og_url":"https:\/\/ayuda.xubio.com\/es-ar\/como-veo-posicion-mensual-iva\/","og_site_name":"Xubio Ayuda","article_publisher":"http:\/\/www.facebook.com\/XubioCompany","article_published_time":"2018-09-25T13:52:46+00:00","article_modified_time":"2025-02-06T15:25:09+00:00","author":"info@xubio.com","twitter_card":"summary_large_image","twitter_title":"\u00bfC\u00f3mo veo mi posici\u00f3n mensual del IVA?","twitter_description":"\u00bfC\u00f3mo veo mi posici\u00f3n mensual de IVA? En este breve instructivo te lo contamos \u00a1Ingres\u00e1!","twitter_misc":{"Escrito por":"info@xubio.com","Tiempo de lectura":"5 minutos"},"schema":{"@context":"https:\/\/schema.org","@graph":[{"@type":"Article","@id":"https:\/\/ayuda.xubio.com\/es-ar\/como-veo-posicion-mensual-iva\/#article","isPartOf":{"@id":"https:\/\/ayuda.xubio.com\/es-ar\/como-veo-posicion-mensual-iva\/"},"author":{"name":"info@xubio.com","@id":"https:\/\/ayuda.xubio.com\/es-ar\/#\/schema\/person\/b9d963230a0ff8a775accd6d4f33b948"},"headline":"\u00bfC\u00f3mo veo mi posici\u00f3n mensual de IVA?","datePublished":"2018-09-25T13:52:46+00:00","dateModified":"2025-02-06T15:25:09+00:00","mainEntityOfPage":{"@id":"https:\/\/ayuda.xubio.com\/es-ar\/como-veo-posicion-mensual-iva\/"},"wordCount":1743,"publisher":{"@id":"https:\/\/ayuda.xubio.com\/es-ar\/#organization"},"articleSection":["IVA-impuestos-emp","IVA-impuestos-cont"],"inLanguage":"es-AR"},{"@type":"WebPage","@id":"https:\/\/ayuda.xubio.com\/es-ar\/como-veo-posicion-mensual-iva\/","url":"https:\/\/ayuda.xubio.com\/es-ar\/como-veo-posicion-mensual-iva\/","name":"\u00bfC\u00f3mo veo mi posici\u00f3n mensual de IVA?","isPartOf":{"@id":"https:\/\/ayuda.xubio.com\/es-ar\/#website"},"datePublished":"2018-09-25T13:52:46+00:00","dateModified":"2025-02-06T15:25:09+00:00","description":"Segu\u00ed los pasos para visualizar tu posici\u00f3n mensual del IVA en el software de Xubio Argentina. Mir\u00e1 tu posici\u00f3n mensual de IVA desde Impuestos \/ Posici\u00f3n IVA. \u00a1Hac\u00e9 clic!","breadcrumb":{"@id":"https:\/\/ayuda.xubio.com\/es-ar\/como-veo-posicion-mensual-iva\/#breadcrumb"},"inLanguage":"es-AR","potentialAction":[{"@type":"ReadAction","target":["https:\/\/ayuda.xubio.com\/es-ar\/como-veo-posicion-mensual-iva\/"]}]},{"@type":"BreadcrumbList","@id":"https:\/\/ayuda.xubio.com\/es-ar\/como-veo-posicion-mensual-iva\/#breadcrumb","itemListElement":[{"@type":"ListItem","position":1,"name":"Xubio","item":"https:\/\/ayuda.xubio.com\/es-ar\/"},{"@type":"ListItem","position":2,"name":"\u00bfC\u00f3mo veo mi posici\u00f3n mensual de IVA?"}]},{"@type":"WebSite","@id":"https:\/\/ayuda.xubio.com\/es-ar\/#website","url":"https:\/\/ayuda.xubio.com\/es-ar\/","name":"Xubio Ayuda","description":"","publisher":{"@id":"https:\/\/ayuda.xubio.com\/es-ar\/#organization"},"potentialAction":[{"@type":"SearchAction","target":{"@type":"EntryPoint","urlTemplate":"https:\/\/ayuda.xubio.com\/es-ar\/?s={search_term_string}"},"query-input":{"@type":"PropertyValueSpecification","valueRequired":true,"valueName":"search_term_string"}}],"inLanguage":"es-AR"},{"@type":"Organization","@id":"https:\/\/ayuda.xubio.com\/es-ar\/#organization","name":"Xubio","url":"https:\/\/ayuda.xubio.com\/es-ar\/","logo":{"@type":"ImageObject","inLanguage":"es-AR","@id":"https:\/\/ayuda.xubio.com\/es-ar\/#\/schema\/logo\/image\/","url":"https:\/\/ayuda.xubio.com\/wp-content\/uploads\/2017\/11\/logo_xubio_header.png","contentUrl":"https:\/\/ayuda.xubio.com\/wp-content\/uploads\/2017\/11\/logo_xubio_header.png","width":161,"height":42,"caption":"Xubio"},"image":{"@id":"https:\/\/ayuda.xubio.com\/es-ar\/#\/schema\/logo\/image\/"},"sameAs":["http:\/\/www.facebook.com\/XubioCompany"]},{"@type":"Person","@id":"https:\/\/ayuda.xubio.com\/es-ar\/#\/schema\/person\/b9d963230a0ff8a775accd6d4f33b948","name":"info@xubio.com","image":{"@type":"ImageObject","inLanguage":"es-AR","@id":"https:\/\/ayuda.xubio.com\/es-ar\/#\/schema\/person\/image\/","url":"https:\/\/secure.gravatar.com\/avatar\/5c3669d8ab9ff704f1c2b4d3613f55a8c8a1064ba29ad4876f3cb07f120df1f6?s=96&d=mm&r=g","contentUrl":"https:\/\/secure.gravatar.com\/avatar\/5c3669d8ab9ff704f1c2b4d3613f55a8c8a1064ba29ad4876f3cb07f120df1f6?s=96&d=mm&r=g","caption":"info@xubio.com"}}]}},"_links":{"self":[{"href":"https:\/\/ayuda.xubio.com\/es-ar\/wp-json\/wp\/v2\/posts\/1461","targetHints":{"allow":["GET"]}}],"collection":[{"href":"https:\/\/ayuda.xubio.com\/es-ar\/wp-json\/wp\/v2\/posts"}],"about":[{"href":"https:\/\/ayuda.xubio.com\/es-ar\/wp-json\/wp\/v2\/types\/post"}],"author":[{"embeddable":true,"href":"https:\/\/ayuda.xubio.com\/es-ar\/wp-json\/wp\/v2\/users\/5"}],"replies":[{"embeddable":true,"href":"https:\/\/ayuda.xubio.com\/es-ar\/wp-json\/wp\/v2\/comments?post=1461"}],"version-history":[{"count":7,"href":"https:\/\/ayuda.xubio.com\/es-ar\/wp-json\/wp\/v2\/posts\/1461\/revisions"}],"predecessor-version":[{"id":15374,"href":"https:\/\/ayuda.xubio.com\/es-ar\/wp-json\/wp\/v2\/posts\/1461\/revisions\/15374"}],"wp:attachment":[{"href":"https:\/\/ayuda.xubio.com\/es-ar\/wp-json\/wp\/v2\/media?parent=1461"}],"wp:term":[{"taxonomy":"category","embeddable":true,"href":"https:\/\/ayuda.xubio.com\/es-ar\/wp-json\/wp\/v2\/categories?post=1461"},{"taxonomy":"post_tag","embeddable":true,"href":"https:\/\/ayuda.xubio.com\/es-ar\/wp-json\/wp\/v2\/tags?post=1461"}],"curies":[{"name":"wp","href":"https:\/\/api.w.org\/{rel}","templated":true}]}}